{"id":14632,"date":"2026-04-27T02:37:10","date_gmt":"2026-04-27T05:37:10","guid":{"rendered":"https:\/\/noticiasdeangostura.com.ar\/?p=14632"},"modified":"2026-04-27T02:37:10","modified_gmt":"2026-04-27T05:37:10","slug":"lautaro-de-la-iglesia-desembarca-en-el-campeonato-italiano-de-gran-turismo","status":"publish","type":"post","link":"https:\/\/noticiasdeangostura.com.ar\/?p=14632","title":{"rendered":"Lautaro De la Iglesia desembarca en el Campeonato Italiano de Gran Turismo"},"content":{"rendered":"<p> <br \/>\n<br \/><\/p>\n<p>El piloto neuquino, a bordo de un Lamborghini, estar\u00e1 presente este s\u00e1bado en la primera fecha del certamen.<\/p>\n<div>\n<p class=\"xmsonormal\" style=\"text-align: justify; line-height: 115%; background: white; margin: 0cm 0cm 8.0pt 0cm;\"><b><span style=\"font-family: 'Arial',sans-serif; color: #242424;\">Lautaro De la Iglesia<\/span><\/b><span style=\"font-family: 'Arial',sans-serif; color: #242424;\">\u00a0inicia este fin de semana su esperado debut en el Campeonato Italiano de Gran Turismo (CIGT). El piloto neuquino participar\u00e1 de la primera fecha del certamen en el m\u00edtico circuito de Imola. Es una nueva etapa de su carrera, que cuenta con el acompa\u00f1amiento del Gobierno de la Provincia del Neuqu\u00e9n.<\/span><\/p>\n<p class=\"xmsonormal\" style=\"text-align: justify; line-height: 115%; background: white; margin: 0cm 0cm 8.0pt 0cm;\"><span style=\"font-family: 'Arial',sans-serif; color: #242424;\">De la Iglesia descubri\u00f3 el CIGT durante 2025 cuando realiz\u00f3 un ensayo con el R8 de Audi Sport Italia. Tras no iniciar la temporada 2026 de Turismo Carretera, apost\u00f3 por la categor\u00eda italiana y sell\u00f3 su incorporaci\u00f3n al equipo Imperiale Racing, donde estar\u00e1 a bordo de un Lamborghini.<\/span><\/p>\n<p class=\"xmsonormal\" style=\"text-align: justify; line-height: 115%; background: white; margin: 0cm 0cm 8.0pt 0cm;\"><em><span style=\"font-family: 'Arial',sans-serif; color: #242424;\">\u201cImola es un circuito muy lindo que no conoc\u00eda y que, por supuesto, tiene mucha m\u00edstica para nosotros los pilotos sudamericanos por lo que signific\u00f3 Ayrton Senna\u201d,<\/span><\/em><span style=\"font-family: 'Arial',sans-serif; color: #242424;\">\u00a0cont\u00f3 el neuquino en las horas previas al debut.<\/span><\/p>\n<p class=\"xmsonormal\" style=\"text-align: justify; line-height: 115%; background: white; margin: 0cm 0cm 8.0pt 0cm;\"><span style=\"font-family: 'Arial',sans-serif; color: #242424;\">De la Iglesia se mostr\u00f3 muy feliz por la chance de competir en el \u201cviejo continente\u201d y asegur\u00f3: \u201c<em>vamos a tomar esta oportunidad con mucha responsabilidad, es todo nuevo para m\u00ed y hay mucho trabajo para adelante as\u00ed que espero estar a la altura de la circunstancia\u201d.<\/em><\/span><\/p>\n<p class=\"xmsonormal\" style=\"text-align: justify; line-height: 115%; background: white; margin: 0cm 0cm 8.0pt 0cm;\"><span style=\"font-family: 'Arial',sans-serif; color: #242424;\">En relaci\u00f3n con el equipo Imperiale Racing, coment\u00f3 que\u00a0<em>\u201cme hicieron sentir muy c\u00f3modo, a pesar de la poca experiencia con estos autos y eso para un debutante es muy importante\u201d<\/em>. El piloto, que en esta primera temporada correr\u00e1 con un Lamborghini, tendr\u00e1 su debut el s\u00e1bado en el certamen Sprint, mientras que el torneo Endurance arrancar\u00e1 el 10 de mayo en Misano.<\/span><\/p>\n<p class=\"xmsonormal\" style=\"text-align: justify; line-height: 115%; background: white; margin: 0cm 0cm 8.0pt 0cm;\"><span style=\"font-family: 'Arial',sans-serif; color: #242424;\">La actividad iniciar\u00e1 este s\u00e1bado con la instancia de clasificaci\u00f3n a las 04:10 y se extender\u00e1 hasta las 04:45. En tanto, la Carrera 1 (50 minutos + 1 vuelta) ser\u00e1 desde las 10, mientras que el domingo la Carrera 2 (50 minutos + 1 vuelta) se realizar\u00e1 desde las 9.<\/span><\/p>\n<\/p><\/div>\n<p><script type=\"12da5d457ee4e42da18d4859-text\/javascript\">\n    window.addEventListener('load', () => {\n        if (typeof FB !== 'undefined' && FB.init) {\n            \/\/ La SDK de Facebook est\u00e1 inicializada\n        } else {\n            \/\/ La SDK de Facebook no est\u00e1 inicializada\n            var script = document.createElement('script');\n            script.async = true;\n            script.defer = true;\n            script.crossOrigin = 'anonymous';\n            script.src=\"https:\/\/connect.facebook.net\/es_LA\/sdk.js#xfbml=1&version=v17.0&appId=868452105110858&autoLogAppEvents=1\";\n            script.nonce=\"eBgX2sTe\";\n            document.head.appendChild(script);\n        }\n        \/* FIX YOUTUBE (fix width) *\/\n        var youtubeIframes = document.querySelectorAll('iframe[src*=\"youtube.com\/embed\"]');\n        youtubeIframes.forEach(function(iframe) {\n            var containerWidth = iframe.parentElement.clientWidth || iframe.parentElement.offsetWidth;\n            if(containerWidth && iframe.width > containerWidth){\n                iframe.width = containerWidth;\n                iframe.height = (containerWidth \/ 16) * 9; \/\/ Assuming a 16:9 aspect ratio\n            }\n        });\n    });\n<\/script><\/p>\n","protected":false},"excerpt":{"rendered":"<p>El piloto neuquino, a bordo de un Lamborghini, estar\u00e1 presente este s\u00e1bado en la primera fecha del certamen. Lautaro De la Iglesia\u00a0inicia este fin de semana su esperado debut en el Campeonato Italiano de Gran Turismo (CIGT). El piloto neuquino participar\u00e1 de la primera fecha del certamen en el m\u00edtico circuito de Imola. Es una [&hellip;]<\/p>\n","protected":false},"author":1,"featured_media":14633,"comment_status":"","ping_status":"","sticky":false,"template":"","format":"standard","meta":{"_monsterinsights_skip_tracking":false,"_monsterinsights_sitenote_active":false,"_monsterinsights_sitenote_note":"","_monsterinsights_sitenote_category":0,"footnotes":"","jetpack_publicize_message":"","jetpack_publicize_feature_enabled":true,"jetpack_social_post_already_shared":true,"jetpack_social_options":{"image_generator_settings":{"template":"highway","default_image_id":0,"font":"","enabled":false},"version":2}},"categories":[4],"tags":[557,2523,737,1955,2524,1954,509],"class_list":["post-14632","post","type-post","status-publish","format-standard","has-post-thumbnail","hentry","category-regionales","tag-campeonato","tag-desembarca","tag-gran","tag-iglesia","tag-italiano","tag-lautaro","tag-turismo"],"aioseo_notices":[],"jetpack_publicize_connections":[],"amp_enabled":true,"_links":{"self":[{"href":"https:\/\/noticiasdeangostura.com.ar\/index.php?rest_route=\/wp\/v2\/posts\/14632","targetHints":{"allow":["GET"]}}],"collection":[{"href":"https:\/\/noticiasdeangostura.com.ar\/index.php?rest_route=\/wp\/v2\/posts"}],"about":[{"href":"https:\/\/noticiasdeangostura.com.ar\/index.php?rest_route=\/wp\/v2\/types\/post"}],"author":[{"embeddable":true,"href":"https:\/\/noticiasdeangostura.com.ar\/index.php?rest_route=\/wp\/v2\/users\/1"}],"replies":[{"embeddable":true,"href":"https:\/\/noticiasdeangostura.com.ar\/index.php?rest_route=%2Fwp%2Fv2%2Fcomments&post=14632"}],"version-history":[{"count":0,"href":"https:\/\/noticiasdeangostura.com.ar\/index.php?rest_route=\/wp\/v2\/posts\/14632\/revisions"}],"wp:featuredmedia":[{"embeddable":true,"href":"https:\/\/noticiasdeangostura.com.ar\/index.php?rest_route=\/wp\/v2\/media\/14633"}],"wp:attachment":[{"href":"https:\/\/noticiasdeangostura.com.ar\/index.php?rest_route=%2Fwp%2Fv2%2Fmedia&parent=14632"}],"wp:term":[{"taxonomy":"category","embeddable":true,"href":"https:\/\/noticiasdeangostura.com.ar\/index.php?rest_route=%2Fwp%2Fv2%2Fcategories&post=14632"},{"taxonomy":"post_tag","embeddable":true,"href":"https:\/\/noticiasdeangostura.com.ar\/index.php?rest_route=%2Fwp%2Fv2%2Ftags&post=14632"}],"curies":[{"name":"wp","href":"https:\/\/api.w.org\/{rel}","templated":true}]}}