{"id":14634,"date":"2026-04-27T02:52:38","date_gmt":"2026-04-27T05:52:38","guid":{"rendered":"https:\/\/noticiasdeangostura.com.ar\/?p=14634"},"modified":"2026-04-27T02:52:38","modified_gmt":"2026-04-27T05:52:38","slug":"encontraron-a-la-nina-de-4-anos-junto-a-su-madre-y-en-buen-estado-de-salud","status":"publish","type":"post","link":"https:\/\/noticiasdeangostura.com.ar\/?p=14634","title":{"rendered":"Encontraron a la ni\u00f1a de 4 a\u00f1os junto a su madre y en buen estado de salud"},"content":{"rendered":"<p> <br \/>\n<br \/><\/p>\n<p> Desde el turno fiscal confirmaron que la menor fue localizada junto a su madre y se dio intervenci\u00f3n a los organismos correspondientes. Adem\u00e1s, solicitaron retirar de las plataformas p\u00fablicas los datos e im\u00e1genes difundidas para resguardar los derechos de la ni\u00f1a.<\/p>\n<div>\n<p>\u00a0\u00a0<\/p>\n<p>La ni\u00f1a de 4 a\u00f1os que era intensamente buscada fue encontrada en buen estado de salud junto a su madre, seg\u00fan informaron desde el turno fiscal.<\/p>\n<p>Tras su localizaci\u00f3n, se dio inmediata intervenci\u00f3n a los organismos pertinentes para continuar con las actuaciones correspondientes.<\/p>\n<p class=\"noEditable noticia-relacionada\" data-id=\"332472\"><ampiframe src=\"https:\/\/www.noticiasnqn.com.ar\/api\/noticias\/332472\/relacionadas?amp=1\" layout=\"fixed-height\" sandbox=\"allow-top-navigation allow-top-navigation-by-user-activation allow-scripts \" height=\"100px\"> <b placeholder=\"\">Lee tambi\u00e9n: Muri\u00f3 el director Adolfo Aristarain a los 82 a\u00f1os<\/b> <\/ampiframe><\/p>\n<p>Asimismo, las autoridades solicitaron que, con el objetivo de resguardar los derechos de la menor, se retiren de las distintas plataformas los datos personales y las im\u00e1genes que hab\u00edan sido difundidas durante la b\u00fasqueda.<\/p>\n<p>De acuerdo con la informaci\u00f3n oficial, el pedido apunta a proteger la identidad de la ni\u00f1a y evitar la circulaci\u00f3n de contenido sensible vinculado a una situaci\u00f3n que involucra a una menor de edad.<\/p>\n<\/p><\/div>\n","protected":false},"excerpt":{"rendered":"<p>Desde el turno fiscal confirmaron que la menor fue localizada junto a su madre y se dio intervenci\u00f3n a los organismos correspondientes. Adem\u00e1s, solicitaron retirar de las plataformas p\u00fablicas los datos e im\u00e1genes difundidas para resguardar los derechos de la ni\u00f1a. \u00a0\u00a0 La ni\u00f1a de 4 a\u00f1os que era intensamente buscada fue encontrada en buen [&hellip;]<\/p>\n","protected":false},"author":1,"featured_media":14635,"comment_status":"","ping_status":"","sticky":false,"template":"","format":"standard","meta":{"_monsterinsights_skip_tracking":false,"_monsterinsights_sitenote_active":false,"_monsterinsights_sitenote_note":"","_monsterinsights_sitenote_category":0,"footnotes":"","jetpack_publicize_message":"","jetpack_publicize_feature_enabled":true,"jetpack_social_post_already_shared":true,"jetpack_social_options":{"image_generator_settings":{"template":"highway","default_image_id":0,"font":"","enabled":false},"version":2}},"categories":[1],"tags":[],"class_list":["post-14634","post","type-post","status-publish","format-standard","has-post-thumbnail","hentry","category-ultimas-noticias"],"aioseo_notices":[],"jetpack_publicize_connections":[],"amp_enabled":true,"_links":{"self":[{"href":"https:\/\/noticiasdeangostura.com.ar\/index.php?rest_route=\/wp\/v2\/posts\/14634","targetHints":{"allow":["GET"]}}],"collection":[{"href":"https:\/\/noticiasdeangostura.com.ar\/index.php?rest_route=\/wp\/v2\/posts"}],"about":[{"href":"https:\/\/noticiasdeangostura.com.ar\/index.php?rest_route=\/wp\/v2\/types\/post"}],"author":[{"embeddable":true,"href":"https:\/\/noticiasdeangostura.com.ar\/index.php?rest_route=\/wp\/v2\/users\/1"}],"replies":[{"embeddable":true,"href":"https:\/\/noticiasdeangostura.com.ar\/index.php?rest_route=%2Fwp%2Fv2%2Fcomments&post=14634"}],"version-history":[{"count":0,"href":"https:\/\/noticiasdeangostura.com.ar\/index.php?rest_route=\/wp\/v2\/posts\/14634\/revisions"}],"wp:featuredmedia":[{"embeddable":true,"href":"https:\/\/noticiasdeangostura.com.ar\/index.php?rest_route=\/wp\/v2\/media\/14635"}],"wp:attachment":[{"href":"https:\/\/noticiasdeangostura.com.ar\/index.php?rest_route=%2Fwp%2Fv2%2Fmedia&parent=14634"}],"wp:term":[{"taxonomy":"category","embeddable":true,"href":"https:\/\/noticiasdeangostura.com.ar\/index.php?rest_route=%2Fwp%2Fv2%2Fcategories&post=14634"},{"taxonomy":"post_tag","embeddable":true,"href":"https:\/\/noticiasdeangostura.com.ar\/index.php?rest_route=%2Fwp%2Fv2%2Ftags&post=14634"}],"curies":[{"name":"wp","href":"https:\/\/api.w.org\/{rel}","templated":true}]}}