{"id":14644,"date":"2026-04-27T05:03:50","date_gmt":"2026-04-27T08:03:50","guid":{"rendered":"https:\/\/noticiasdeangostura.com.ar\/?p=14644"},"modified":"2026-04-27T05:03:50","modified_gmt":"2026-04-27T08:03:50","slug":"tension-en-el-gobierno-villarruel-cuestiono-a-milei-por-su-postura-sobre-malvinas","status":"publish","type":"post","link":"https:\/\/noticiasdeangostura.com.ar\/?p=14644","title":{"rendered":"Tensi\u00f3n en el Gobierno: Villarruel cuestion\u00f3 a Milei por su postura sobre Malvinas"},"content":{"rendered":"<p> <br \/>\n<br \/><\/p>\n<p>La vicepresidenta Victoria Villarruel apunt\u00f3 contra Javier Milei tras replicar un mensaje que lo acusa de usar argumentos brit\u00e1nicos sobre la soberan\u00eda de las Islas Malvinas.<\/p>\n<div>\n<p>La interna en el Gobierno nacional sum\u00f3 un nuevo cap\u00edtulo de tensi\u00f3n luego de que la vicepresidenta <span class=\"hover:entity-accent entity-underline inline cursor-pointer align-baseline\"><span class=\"whitespace-normal\">Victoria Villarruel<\/span><\/span> cuestionara p\u00fablicamente al presidente <span class=\"hover:entity-accent entity-underline inline cursor-pointer align-baseline\"><span class=\"whitespace-normal\">Javier Milei<\/span><\/span> por su postura sobre la soberan\u00eda de las <span class=\"hover:entity-accent entity-underline inline cursor-pointer align-baseline\"><span class=\"whitespace-normal\">Islas Malvinas<\/span><\/span>.<\/p>\n<p class=\"noEditable noticia-relacionada\" data-id=\"332436\"><ampiframe src=\"https:\/\/www.noticiasnqn.com.ar\/api\/noticias\/332436\/relacionadas?amp=1\" layout=\"fixed-height\" sandbox=\"allow-top-navigation allow-top-navigation-by-user-activation allow-scripts \" height=\"100px\"> <b placeholder=\"\">Lee tambi\u00e9n: Segunda citaci\u00f3n judicial para la formulaci\u00f3n de cargos al intendente Bertolini: se presenta o ser\u00e1 rebeld\u00eda <\/b> <\/ampiframe><\/p>\n<p>El conflicto se desat\u00f3 a partir de un mensaje que Villarruel replic\u00f3 en redes sociales, en el que se acusa al mandatario de utilizar el argumento de la autodeterminaci\u00f3n de los isle\u00f1os, una posici\u00f3n hist\u00f3ricamente sostenida por el <span class=\"hover:entity-accent entity-underline inline cursor-pointer align-baseline\"><span class=\"whitespace-normal\">Reino Unido<\/span><\/span> y rechazada por la Argentina.<\/p>\n<p>La controversia se profundiz\u00f3 luego de que la vicepresidenta tambi\u00e9n cruzara a la diputada Sabrina Ajmechet por antiguas publicaciones vinculadas al reclamo argentino sobre el archipi\u00e9lago. En respuesta, Milei difundi\u00f3 mensajes en los que relativiz\u00f3 las declaraciones de su compa\u00f1era de f\u00f3rmula, calific\u00e1ndolas como \u201cfulbito para la tribuna\u201d.<\/p>\n<p class=\"noEditable noticia-relacionada\" data-id=\"332448\"><ampiframe src=\"https:\/\/www.noticiasnqn.com.ar\/api\/noticias\/332448\/relacionadas?amp=1\" layout=\"fixed-height\" sandbox=\"allow-top-navigation allow-top-navigation-by-user-activation allow-scripts \" height=\"100px\"> <b placeholder=\"\">Lee tambi\u00e9n: Secuestran droga, armas y dinero tras 12 allanamientos en Valentina Sur<\/b> <\/ampiframe><\/p>\n<p>El episodio deja al descubierto diferencias dentro del oficialismo respecto a la pol\u00edtica exterior y el abordaje del hist\u00f3rico reclamo de soberan\u00eda. Mientras el sector cercano a Villarruel sostiene una postura m\u00e1s tradicional, el presidente busca imprimir un enfoque m\u00e1s pragm\u00e1tico en el plano internacional.<\/p>\n<p>La disputa se da en un contexto pol\u00edtico clave para el oficialismo, que trabaja en la consolidaci\u00f3n de su estructura de cara a los pr\u00f3ximos desaf\u00edos electorales, en medio de tensiones internas que comienzan a ganar visibilidad p\u00fablica.<\/p>\n<\/p><\/div>\n","protected":false},"excerpt":{"rendered":"<p>La vicepresidenta Victoria Villarruel apunt\u00f3 contra Javier Milei tras replicar un mensaje que lo acusa de usar argumentos brit\u00e1nicos sobre la soberan\u00eda de las Islas Malvinas. La interna en el Gobierno nacional sum\u00f3 un nuevo cap\u00edtulo de tensi\u00f3n luego de que la vicepresidenta Victoria Villarruel cuestionara p\u00fablicamente al presidente Javier Milei por su postura sobre [&hellip;]<\/p>\n","protected":false},"author":1,"featured_media":14645,"comment_status":"","ping_status":"","sticky":false,"template":"","format":"standard","meta":{"_monsterinsights_skip_tracking":false,"_monsterinsights_sitenote_active":false,"_monsterinsights_sitenote_note":"","_monsterinsights_sitenote_category":0,"footnotes":"","jetpack_publicize_message":"","jetpack_publicize_feature_enabled":true,"jetpack_social_post_already_shared":true,"jetpack_social_options":{"image_generator_settings":{"template":"highway","default_image_id":0,"font":"","enabled":false},"version":2}},"categories":[1],"tags":[],"class_list":["post-14644","post","type-post","status-publish","format-standard","has-post-thumbnail","hentry","category-ultimas-noticias"],"aioseo_notices":[],"jetpack_publicize_connections":[],"amp_enabled":true,"_links":{"self":[{"href":"https:\/\/noticiasdeangostura.com.ar\/index.php?rest_route=\/wp\/v2\/posts\/14644","targetHints":{"allow":["GET"]}}],"collection":[{"href":"https:\/\/noticiasdeangostura.com.ar\/index.php?rest_route=\/wp\/v2\/posts"}],"about":[{"href":"https:\/\/noticiasdeangostura.com.ar\/index.php?rest_route=\/wp\/v2\/types\/post"}],"author":[{"embeddable":true,"href":"https:\/\/noticiasdeangostura.com.ar\/index.php?rest_route=\/wp\/v2\/users\/1"}],"replies":[{"embeddable":true,"href":"https:\/\/noticiasdeangostura.com.ar\/index.php?rest_route=%2Fwp%2Fv2%2Fcomments&post=14644"}],"version-history":[{"count":0,"href":"https:\/\/noticiasdeangostura.com.ar\/index.php?rest_route=\/wp\/v2\/posts\/14644\/revisions"}],"wp:featuredmedia":[{"embeddable":true,"href":"https:\/\/noticiasdeangostura.com.ar\/index.php?rest_route=\/wp\/v2\/media\/14645"}],"wp:attachment":[{"href":"https:\/\/noticiasdeangostura.com.ar\/index.php?rest_route=%2Fwp%2Fv2%2Fmedia&parent=14644"}],"wp:term":[{"taxonomy":"category","embeddable":true,"href":"https:\/\/noticiasdeangostura.com.ar\/index.php?rest_route=%2Fwp%2Fv2%2Fcategories&post=14644"},{"taxonomy":"post_tag","embeddable":true,"href":"https:\/\/noticiasdeangostura.com.ar\/index.php?rest_route=%2Fwp%2Fv2%2Ftags&post=14644"}],"curies":[{"name":"wp","href":"https:\/\/api.w.org\/{rel}","templated":true}]}}