{"id":14648,"date":"2026-04-27T05:38:27","date_gmt":"2026-04-27T08:38:27","guid":{"rendered":"https:\/\/noticiasdeangostura.com.ar\/?p=14648"},"modified":"2026-04-27T05:38:27","modified_gmt":"2026-04-27T08:38:27","slug":"rolando-figueroa-en-el-norte-neuquino-todo-lo-que-estamos-haciendo-responde-a-un-plan","status":"publish","type":"post","link":"https:\/\/noticiasdeangostura.com.ar\/?p=14648","title":{"rendered":"Rolando Figueroa en el norte neuquino: \u201cTodo lo que estamos haciendo responde a un plan\u201d"},"content":{"rendered":"<p> <br \/>\n<br \/><\/p>\n<p>El gobernador encabez\u00f3 el aniversario de Los Gua\u00f1acos y destac\u00f3 obras de gas, infraestructura educativa y deportiva. Asegur\u00f3 que la inversi\u00f3n provincial responde al ordenamiento de las cuentas p\u00fablicas.<\/p>\n<p>Figueroa en el aniversario de Los Gua\u00f1acos.<\/p>\n<div>\n<p>El <a href=\"https:\/\/www.alertadigital.ar\/noticias\/2026\/04\/23\/162681-rolando-figueroa-anuncio-la-pavimentacion-de-una-nueva-ruta-y-obras-de-gas-para-el-norte-neuquino\"><strong>gobernador Rolando Figueroa<\/strong><\/a> encabez\u00f3 el acto por el 38\u00b0 aniversario de <strong>Los Gua\u00f1acos<\/strong> y defendi\u00f3 el plan de obras p\u00fablicas que la Provincia ejecuta en el norte neuquino. Durante su discurso, sostuvo que las intervenciones en infraestructura<strong> responden a una planificaci\u00f3n y al ordenamiento de las cuentas del Estado.<\/strong><\/p>\n<p><strong>\u201cTodo lo que estamos haciendo responde a un plan\u201d, <\/strong>afirm\u00f3 el mandatario provincial durante la actividad realizada este mi\u00e9rcoles en la localidad. En ese marco, remarc\u00f3 que su gesti\u00f3n busca priorizar obras vinculadas con servicios b\u00e1sicos, infraestructura educativa y mejoras concretas para las comunidades del interior.<\/p>\n<p>Figueroa asegur\u00f3 que <strong>la Provincia administra el Estado \u201cde otra manera\u201d <\/strong>y cuestion\u00f3 prioridades de gestiones anteriores. \u201cNos hac\u00edan aplaudir canchitas de f\u00fatbol en pueblos donde no hay gas, electricidad, ni las cuestiones sanitarias resueltas\u201d, se\u00f1al\u00f3.<\/p>\n<p>Seg\u00fan el gobernador, el programa de infraestructura se sostiene a partir de una administraci\u00f3n distinta de los recursos p\u00fablicos. Indic\u00f3 que, \u201c<strong>en t\u00e9rminos reales\u201d, Neuqu\u00e9n recibe \u201clos mismos recursos que en el a\u00f1o 2023\u201d,<\/strong> por lo que vincul\u00f3 la ejecuci\u00f3n de obras con una reasignaci\u00f3n del gasto provincial.<\/p>\n<p>\u201cAntes se iban recursos de todos los neuquinos en distintas cosas que no generaban impacto y no se visualizaba progreso en muchos lugares\u201d, plante\u00f3. <strong>Luego agreg\u00f3 que la Provincia comenz\u00f3 a trazar un plan basado en \u201ccuestiones b\u00e1sicas\u201d,<\/strong> con el objetivo de atender primero las necesidades esenciales.<\/p>\n<h2>Gas, educaci\u00f3n y obras para Los Gua\u00f1acos<\/h2>\n<p>Uno de los puntos destacados por Figueroa fue la extensi\u00f3n de la <strong>red de gas en localidades del norte neuquino<\/strong>. El tramo que abastece a Los Gua\u00f1acos fue inaugurado en junio del a\u00f1o pasado, mientras que esta semana se habilit\u00f3 la obra en Villa del Nahueve.<\/p>\n<p>\u201cPara m\u00ed era muy importante eliminar todas esas injusticias, <strong>llegar con gas a distintos lugares\u201d<\/strong>, sostuvo el gobernador, al referirse a las obras que buscan mejorar el acceso a servicios en el Alto Neuqu\u00e9n.<\/p>\n<p>Durante la jornada tambi\u00e9n se firm\u00f3 un acta acuerdo con la presidenta de la comisi\u00f3n de fomento de Los Gua\u00f1acos, Alejandra V\u00e1zquez, para formalizar el inicio de la obra del play\u00f3n deportivo en la escuela primaria 262.<\/p>\n<p>Figueroa vincul\u00f3 esa inversi\u00f3n con la pol\u00edtica educativa de la Provincia. \u201cEl play\u00f3n es una ratificaci\u00f3n que para nosotros la inversi\u00f3n en educaci\u00f3n es la inversi\u00f3n m\u00e1s importante que debemos tener\u201d, afirm\u00f3. Adem\u00e1s,<strong> sostuvo que la educaci\u00f3n permite \u201ctener movilidad social, mejorar los pueblos y sobre todo mejorar socialmente\u201d.<\/strong><\/p>\n<h2>El gimnasio y el rol de la comisi\u00f3n de fomento<\/h2>\n<p>La presidenta de la comisi\u00f3n de fomento, Alejandra V\u00e1zquez, destac\u00f3 las obras que se ejecutan en la localidad y las atribuy\u00f3 a una decisi\u00f3n pol\u00edtica del gobierno provincial.<strong> \u201cNo son un milagro ni una casualidad. <\/strong>Llegaron por una decisi\u00f3n pol\u00edtica del gobernador Rolando Figueroa\u201d, expres\u00f3.<\/p>\n<p>Entre las obras en marcha, mencion\u00f3 la construcci\u00f3n de<strong> un gimnasio de 1.150 metros cuadrados.<\/strong> Seg\u00fan indic\u00f3, el proyecto registra un avance del 50% y la expectativa es inaugurarlo hacia fin de a\u00f1o, si las condiciones clim\u00e1ticas permiten sostener el ritmo de ejecuci\u00f3n.<\/p>\n<p>Del acto participaron vecinos de <strong>Los Gua\u00f1acos<\/strong> y autoridades provinciales, entre ellas el ministro Jefe de Gabinete, Juan Luis \u201cPep\u00e9\u201d Ousset; la ministra de Infraestructura, Tanya Bertoldi; y el secretario del Interior, Gustavo Coatz.<\/p>\n<\/p><\/div>\n","protected":false},"excerpt":{"rendered":"<p>El gobernador encabez\u00f3 el aniversario de Los Gua\u00f1acos y destac\u00f3 obras de gas, infraestructura educativa y deportiva. Asegur\u00f3 que la inversi\u00f3n provincial responde al ordenamiento de las cuentas p\u00fablicas. Figueroa en el aniversario de Los Gua\u00f1acos. El gobernador Rolando Figueroa encabez\u00f3 el acto por el 38\u00b0 aniversario de Los Gua\u00f1acos y defendi\u00f3 el plan de [&hellip;]<\/p>\n","protected":false},"author":1,"featured_media":14649,"comment_status":"","ping_status":"","sticky":false,"template":"","format":"standard","meta":{"_monsterinsights_skip_tracking":false,"_monsterinsights_sitenote_active":false,"_monsterinsights_sitenote_note":"","_monsterinsights_sitenote_category":0,"footnotes":"","jetpack_publicize_message":"","jetpack_publicize_feature_enabled":true,"jetpack_social_post_already_shared":true,"jetpack_social_options":{"image_generator_settings":{"template":"highway","default_image_id":0,"font":"","enabled":false},"version":2}},"categories":[1],"tags":[],"class_list":["post-14648","post","type-post","status-publish","format-standard","has-post-thumbnail","hentry","category-ultimas-noticias"],"aioseo_notices":[],"jetpack_publicize_connections":[],"amp_enabled":true,"_links":{"self":[{"href":"https:\/\/noticiasdeangostura.com.ar\/index.php?rest_route=\/wp\/v2\/posts\/14648","targetHints":{"allow":["GET"]}}],"collection":[{"href":"https:\/\/noticiasdeangostura.com.ar\/index.php?rest_route=\/wp\/v2\/posts"}],"about":[{"href":"https:\/\/noticiasdeangostura.com.ar\/index.php?rest_route=\/wp\/v2\/types\/post"}],"author":[{"embeddable":true,"href":"https:\/\/noticiasdeangostura.com.ar\/index.php?rest_route=\/wp\/v2\/users\/1"}],"replies":[{"embeddable":true,"href":"https:\/\/noticiasdeangostura.com.ar\/index.php?rest_route=%2Fwp%2Fv2%2Fcomments&post=14648"}],"version-history":[{"count":0,"href":"https:\/\/noticiasdeangostura.com.ar\/index.php?rest_route=\/wp\/v2\/posts\/14648\/revisions"}],"wp:featuredmedia":[{"embeddable":true,"href":"https:\/\/noticiasdeangostura.com.ar\/index.php?rest_route=\/wp\/v2\/media\/14649"}],"wp:attachment":[{"href":"https:\/\/noticiasdeangostura.com.ar\/index.php?rest_route=%2Fwp%2Fv2%2Fmedia&parent=14648"}],"wp:term":[{"taxonomy":"category","embeddable":true,"href":"https:\/\/noticiasdeangostura.com.ar\/index.php?rest_route=%2Fwp%2Fv2%2Fcategories&post=14648"},{"taxonomy":"post_tag","embeddable":true,"href":"https:\/\/noticiasdeangostura.com.ar\/index.php?rest_route=%2Fwp%2Fv2%2Ftags&post=14648"}],"curies":[{"name":"wp","href":"https:\/\/api.w.org\/{rel}","templated":true}]}}