{"id":14652,"date":"2026-04-27T06:39:30","date_gmt":"2026-04-27T09:39:30","guid":{"rendered":"https:\/\/noticiasdeangostura.com.ar\/?p=14652"},"modified":"2026-04-27T06:39:30","modified_gmt":"2026-04-27T09:39:30","slug":"el-epen-impulsa-el-desarrollo-de-varvarco-con-nueva-infraestructura-para-17-lotes","status":"publish","type":"post","link":"https:\/\/noticiasdeangostura.com.ar\/?p=14652","title":{"rendered":"El EPEN impulsa el desarrollo de Varvarco con nueva infraestructura para 17 lotes"},"content":{"rendered":"<p> <br \/>\n<br \/><\/p>\n<p>Se trata de una obra clave para fortalecer el desarrollo local, con una inversi\u00f3n de casi 71 millones de pesos. Las acciones se realizan dentro de una pol\u00edtica p\u00fablica provincial de cercan\u00eda, orientada a acompa\u00f1ar a las localidades.<\/p>\n<div>\n<p>Como parte de una pol\u00edtica p\u00fablica provincial orientada a acompa\u00f1ar de manera cercana las necesidades de cada localidad y regi\u00f3n, el Ente Provincial de Energ\u00eda del Neuqu\u00e9n (EPEN), dependiente del ministerio de Energ\u00eda, avanza en una nueva obra de electrificaci\u00f3n en Varvarco, articulada junto a la Comisi\u00f3n de Fomento local.<\/p>\n<p>El proyecto, denominado \u201cSuministro de energ\u00eda el\u00e9ctrica a 17 lotes de la Manzana 1B de la localidad de Varvarco\u201d, tiene como objetivo dotar de infraestructura el\u00e9ctrica a nuevos terrenos, facilitando el acceso a servicios b\u00e1sicos y contribuyendo a mejorar las condiciones habitacionales de familias de la localidad.<\/p>\n<p>Esta iniciativa se inscribe en una l\u00ednea de trabajo del Gobierno Provincial que prioriza a los neuquinos y la cercan\u00eda con los gobiernos locales, promoviendo soluciones concretas a partir del trabajo conjunto con intendentes y comisiones de fomento. En ese sentido, el EPEN cumple un rol clave como herramienta del Estado para ejecutar inversiones que acompa\u00f1en el crecimiento ordenado y el desarrollo de las comunidades donde presta el servicio.<\/p>\n<p>La obra contempla la ejecuci\u00f3n de 380 metros de l\u00ednea a\u00e9rea de baja tensi\u00f3n trif\u00e1sica preensamblada, con postaci\u00f3n de madera y columnas de hormig\u00f3n de 7,5 metros. Asimismo, se prev\u00e9 la instalaci\u00f3n de 13 artefactos de alumbrado p\u00fablico con tecnolog\u00eda LED, mejorando tanto el acceso a la energ\u00eda como la seguridad en el sector.<\/p>\n<p>El presupuesto total asciende a 70.926.398 pesos, bajo una modalidad de trabajo articulado. \u00a0<\/p>\n<p>El presidente del EPEN, <strong>Mario Moya<\/strong>, destac\u00f3 que <em>\u201cse trata de un trabajo en conjunto con la Comisi\u00f3n de Fomento y el acompa\u00f1amiento del Gobierno Provincial. Vamos a avanzar con la mano de obra no calificada a trav\u00e9s de la Comisi\u00f3n y el EPEN aportar\u00e1 la mano de obra calificada y los materiales. Estamos muy contentos porque en breve daremos inicio a la obra\u201d.<\/em><\/p>\n<p>Por su parte, el presidente de la Comisi\u00f3n de Fomento de Varvarco &#8211; Invernada Vieja, <strong>Ulises Herrera<\/strong>, subray\u00f3 que \u201c<em>esta obra no solo aporta infraestructura el\u00e9ctrica, sino que tambi\u00e9n nos permite avanzar en soluciones habitacionales para familias de Varvarco que lo est\u00e1n esperando, acompa\u00f1ando el crecimiento y desarrollo de nuestra localidad\u201d.<\/em><\/p>\n<p>Con este tipo de intervenciones, el EPEN reafirma su compromiso de continuar trabajando de manera territorial, cercana y articulada, generando herramientas que respondan a las demandas concretas de los neuquinos.<\/p>\n<\/p><\/div>\n<p><script type=\"cd9cedc0fba2ff88ec0a6b85-text\/javascript\">\n    window.addEventListener('load', () => {\n        if (typeof FB !== 'undefined' && FB.init) {\n            \/\/ La SDK de Facebook est\u00e1 inicializada\n        } else {\n            \/\/ La SDK de Facebook no est\u00e1 inicializada\n            var script = document.createElement('script');\n            script.async = true;\n            script.defer = true;\n            script.crossOrigin = 'anonymous';\n            script.src=\"https:\/\/connect.facebook.net\/es_LA\/sdk.js#xfbml=1&version=v17.0&appId=868452105110858&autoLogAppEvents=1\";\n            script.nonce=\"eBgX2sTe\";\n            document.head.appendChild(script);\n        }\n        \/* FIX YOUTUBE (fix width) *\/\n        var youtubeIframes = document.querySelectorAll('iframe[src*=\"youtube.com\/embed\"]');\n        youtubeIframes.forEach(function(iframe) {\n            var containerWidth = iframe.parentElement.clientWidth || iframe.parentElement.offsetWidth;\n            if(containerWidth && iframe.width > containerWidth){\n                iframe.width = containerWidth;\n                iframe.height = (containerWidth \/ 16) * 9; \/\/ Assuming a 16:9 aspect ratio\n            }\n        });\n    });\n<\/script><\/p>\n","protected":false},"excerpt":{"rendered":"<p>Se trata de una obra clave para fortalecer el desarrollo local, con una inversi\u00f3n de casi 71 millones de pesos. Las acciones se realizan dentro de una pol\u00edtica p\u00fablica provincial de cercan\u00eda, orientada a acompa\u00f1ar a las localidades. Como parte de una pol\u00edtica p\u00fablica provincial orientada a acompa\u00f1ar de manera cercana las necesidades de cada [&hellip;]<\/p>\n","protected":false},"author":1,"featured_media":14653,"comment_status":"","ping_status":"","sticky":false,"template":"","format":"standard","meta":{"_monsterinsights_skip_tracking":false,"_monsterinsights_sitenote_active":false,"_monsterinsights_sitenote_note":"","_monsterinsights_sitenote_category":0,"footnotes":"","jetpack_publicize_message":"","jetpack_publicize_feature_enabled":true,"jetpack_social_post_already_shared":true,"jetpack_social_options":{"image_generator_settings":{"template":"highway","default_image_id":0,"font":"","enabled":false},"version":2}},"categories":[4],"tags":[45,456,210,497,959,908,360,50,2458],"class_list":["post-14652","post","type-post","status-publish","format-standard","has-post-thumbnail","hentry","category-regionales","tag-con","tag-desarrollo","tag-epen","tag-impulsa","tag-infraestructura","tag-lotes","tag-nueva","tag-para","tag-varvarco"],"aioseo_notices":[],"jetpack_publicize_connections":[],"amp_enabled":true,"_links":{"self":[{"href":"https:\/\/noticiasdeangostura.com.ar\/index.php?rest_route=\/wp\/v2\/posts\/14652","targetHints":{"allow":["GET"]}}],"collection":[{"href":"https:\/\/noticiasdeangostura.com.ar\/index.php?rest_route=\/wp\/v2\/posts"}],"about":[{"href":"https:\/\/noticiasdeangostura.com.ar\/index.php?rest_route=\/wp\/v2\/types\/post"}],"author":[{"embeddable":true,"href":"https:\/\/noticiasdeangostura.com.ar\/index.php?rest_route=\/wp\/v2\/users\/1"}],"replies":[{"embeddable":true,"href":"https:\/\/noticiasdeangostura.com.ar\/index.php?rest_route=%2Fwp%2Fv2%2Fcomments&post=14652"}],"version-history":[{"count":0,"href":"https:\/\/noticiasdeangostura.com.ar\/index.php?rest_route=\/wp\/v2\/posts\/14652\/revisions"}],"wp:featuredmedia":[{"embeddable":true,"href":"https:\/\/noticiasdeangostura.com.ar\/index.php?rest_route=\/wp\/v2\/media\/14653"}],"wp:attachment":[{"href":"https:\/\/noticiasdeangostura.com.ar\/index.php?rest_route=%2Fwp%2Fv2%2Fmedia&parent=14652"}],"wp:term":[{"taxonomy":"category","embeddable":true,"href":"https:\/\/noticiasdeangostura.com.ar\/index.php?rest_route=%2Fwp%2Fv2%2Fcategories&post=14652"},{"taxonomy":"post_tag","embeddable":true,"href":"https:\/\/noticiasdeangostura.com.ar\/index.php?rest_route=%2Fwp%2Fv2%2Ftags&post=14652"}],"curies":[{"name":"wp","href":"https:\/\/api.w.org\/{rel}","templated":true}]}}