{"id":14654,"date":"2026-04-27T07:14:42","date_gmt":"2026-04-27T10:14:42","guid":{"rendered":"https:\/\/noticiasdeangostura.com.ar\/?p=14654"},"modified":"2026-04-27T07:14:42","modified_gmt":"2026-04-27T10:14:42","slug":"el-concejo-deliberante-de-plottier-comienza-a-tratar-el-pedido-de-juicio-politico","status":"publish","type":"post","link":"https:\/\/noticiasdeangostura.com.ar\/?p=14654","title":{"rendered":"El Concejo Deliberante de Plottier comienza a tratar el pedido de juicio pol\u00edtico"},"content":{"rendered":"<p> <br \/>\n<br \/><\/p>\n<p>La solicitud fue presentada por la abogada Liliana Peral. El cuerpo conform\u00f3 las salas acusadora y juzgadora y una comisi\u00f3n investigadora, seg\u00fan lo establecen las ordenanzas vigentes desde 2012.<\/p>\n<div>\n<p>El Concejo Deliberante de Plottier comenzar\u00e1 a tratar el pedido de juicio pol\u00edtico presentado por la abogada <span class=\"hover:entity-accent entity-underline inline cursor-pointer align-baseline\"><span class=\"whitespace-normal\">Liliana Peral<\/span><\/span>. En ese marco, se avanzar\u00e1 en la conformaci\u00f3n de las salas acusadora y juzgadora que intervendr\u00e1n en el proceso, adem\u00e1s de la creaci\u00f3n de una comisi\u00f3n encargada de dirigir la investigaci\u00f3n.<\/p>\n<p>Seg\u00fan explicaron desde el cuerpo legislativo, el procedimiento est\u00e1 establecido en ordenanzas vigentes desde 2012 y contempla la integraci\u00f3n de dos salas compuestas por siete concejales cada una, que tendr\u00e1n a su cargo las distintas etapas del tr\u00e1mite institucional.<\/p>\n<p class=\"noEditable noticia-relacionada\" data-id=\"332436\"><ampiframe src=\"https:\/\/www.noticiasnqn.com.ar\/api\/noticias\/332436\/relacionadas?amp=1\" layout=\"fixed-height\" sandbox=\"allow-top-navigation allow-top-navigation-by-user-activation allow-scripts \" height=\"100px\"> <b placeholder=\"\">Lee tambi\u00e9n: Segunda citaci\u00f3n judicial para la formulaci\u00f3n de cargos al intendente Bertolini: se presenta o ser\u00e1 rebeld\u00eda <\/b> <\/ampiframe><\/p>\n<p>La Sala Acusadora estar\u00e1 integrada por Sergio Miguel, Fernanda Esquivel, Daniela Huento, Marianela Alessandroni, Rodrigo Ramos, Paulo Scruggli y Malena Resa, quienes tendr\u00e1n la responsabilidad de analizar la presentaci\u00f3n y reunir los elementos necesarios para determinar si corresponde avanzar con el proceso.<\/p>\n<p>Por su parte, la Sala Juzgadora estar\u00e1 conformada por Claudia Namuncur\u00e1, Mario Antilef, Soledad Costa, Pablo Scialabba, Rodrigo Ramos, Sergio Soto y Carlos Ponce. Este grupo ser\u00e1 el encargado de evaluar las conclusiones de la investigaci\u00f3n y resolver sobre el pedido de juicio pol\u00edtico.<\/p>\n<p>De esta manera, el Concejo Deliberante pondr\u00e1 en marcha el mecanismo institucional previsto por la normativa local para este tipo de planteos, iniciando formalmente el proceso administrativo correspondiente.<\/p>\n<\/p><\/div>\n","protected":false},"excerpt":{"rendered":"<p>La solicitud fue presentada por la abogada Liliana Peral. El cuerpo conform\u00f3 las salas acusadora y juzgadora y una comisi\u00f3n investigadora, seg\u00fan lo establecen las ordenanzas vigentes desde 2012. El Concejo Deliberante de Plottier comenzar\u00e1 a tratar el pedido de juicio pol\u00edtico presentado por la abogada Liliana Peral. En ese marco, se avanzar\u00e1 en la [&hellip;]<\/p>\n","protected":false},"author":1,"featured_media":14655,"comment_status":"","ping_status":"","sticky":false,"template":"","format":"standard","meta":{"_monsterinsights_skip_tracking":false,"_monsterinsights_sitenote_active":false,"_monsterinsights_sitenote_note":"","_monsterinsights_sitenote_category":0,"footnotes":"","jetpack_publicize_message":"","jetpack_publicize_feature_enabled":true,"jetpack_social_post_already_shared":true,"jetpack_social_options":{"image_generator_settings":{"template":"highway","default_image_id":0,"font":"","enabled":false},"version":2}},"categories":[1],"tags":[],"class_list":["post-14654","post","type-post","status-publish","format-standard","has-post-thumbnail","hentry","category-ultimas-noticias"],"aioseo_notices":[],"jetpack_publicize_connections":[],"amp_enabled":true,"_links":{"self":[{"href":"https:\/\/noticiasdeangostura.com.ar\/index.php?rest_route=\/wp\/v2\/posts\/14654","targetHints":{"allow":["GET"]}}],"collection":[{"href":"https:\/\/noticiasdeangostura.com.ar\/index.php?rest_route=\/wp\/v2\/posts"}],"about":[{"href":"https:\/\/noticiasdeangostura.com.ar\/index.php?rest_route=\/wp\/v2\/types\/post"}],"author":[{"embeddable":true,"href":"https:\/\/noticiasdeangostura.com.ar\/index.php?rest_route=\/wp\/v2\/users\/1"}],"replies":[{"embeddable":true,"href":"https:\/\/noticiasdeangostura.com.ar\/index.php?rest_route=%2Fwp%2Fv2%2Fcomments&post=14654"}],"version-history":[{"count":0,"href":"https:\/\/noticiasdeangostura.com.ar\/index.php?rest_route=\/wp\/v2\/posts\/14654\/revisions"}],"wp:featuredmedia":[{"embeddable":true,"href":"https:\/\/noticiasdeangostura.com.ar\/index.php?rest_route=\/wp\/v2\/media\/14655"}],"wp:attachment":[{"href":"https:\/\/noticiasdeangostura.com.ar\/index.php?rest_route=%2Fwp%2Fv2%2Fmedia&parent=14654"}],"wp:term":[{"taxonomy":"category","embeddable":true,"href":"https:\/\/noticiasdeangostura.com.ar\/index.php?rest_route=%2Fwp%2Fv2%2Fcategories&post=14654"},{"taxonomy":"post_tag","embeddable":true,"href":"https:\/\/noticiasdeangostura.com.ar\/index.php?rest_route=%2Fwp%2Fv2%2Ftags&post=14654"}],"curies":[{"name":"wp","href":"https:\/\/api.w.org\/{rel}","templated":true}]}}