{"id":14656,"date":"2026-04-27T07:33:56","date_gmt":"2026-04-27T10:33:56","guid":{"rendered":"https:\/\/noticiasdeangostura.com.ar\/?p=14656"},"modified":"2026-04-27T07:33:56","modified_gmt":"2026-04-27T10:33:56","slug":"llego-el-frio-polar-nieve-en-la-cordillera-y-lluvias-en-el-alto-valle-de-neuquen-y-rio-negro-este-lunes-27-de-abril","status":"publish","type":"post","link":"https:\/\/noticiasdeangostura.com.ar\/?p=14656","title":{"rendered":"Lleg\u00f3 el fr\u00edo polar: nieve en la cordillera y lluvias en el Alto Valle de Neuqu\u00e9n y R\u00edo Negro este lunes 27 de abril"},"content":{"rendered":"<p> <br \/>\n<\/p>\n<p>El norte de la Patagonia transita un lunes 27 de abril de rigor clim\u00e1tico extremo. El ingreso de una masa de aire fr\u00edo de origen polar ha desplomado los term\u00f3metros en toda la regi\u00f3n, generando un escenario de inestabilidad que combina heladas, viento y precipitaciones en diversas formas seg\u00fan la zona geogr\u00e1fica.<\/p>\n<p>En Neuqu\u00e9n, Cipolletti y Roca, el fr\u00edo se siente con fuerza desde las primeras horas.<\/p>\n<p>La m\u00ednima cay\u00f3 hasta los -3\u00b0C, consolidando una de las ma\u00f1anas m\u00e1s fr\u00edas de lo que va del a\u00f1o. La m\u00e1xima apenas llegar\u00e1 a los 15\u00b0C. Durante la tarde, el cielo cubierto traer\u00e1 probabilidades de lluvia (entre el 10% y el 40%). Se recomienda precauci\u00f3n al conducir ante la posible formaci\u00f3n de escarcha o calzada h\u00fameda.<\/p>\n<p>Cordillera: lluvia y nieve para arrancar la semana en Neuqu\u00e9n y R\u00edo Negro<\/p>\n<p>En la zona andina, el paisaje se vuelve blanco con la llegada de las precipitaciones s\u00f3lidas.<\/p>\n<p>Bariloche: con una m\u00e1xima de solo 8\u00b0C y una m\u00ednima de -1\u00b0C, se espera ca\u00edda de nieve durante la ma\u00f1ana. El viento, con velocidades de hasta 31 km\/h, aumentar\u00e1 la sensaci\u00f3n de fr\u00edo polar.<\/p>\n<p>San Mart\u00edn de los Andes: la jornada ser\u00e1 de mucha inestabilidad con presencia de lluvia y nieve. El term\u00f3metro oscilar\u00e1 entre los -3\u00b0C y los 8\u00b0C, siendo la ma\u00f1ana y la tarde los momentos m\u00e1s cr\u00edticos para circular.<\/p>\n<p>Viedma y la costa de R\u00edo Negro: permanece el viento con 50 km\/h<\/p>\n<p>Hacia el litoral atl\u00e1ntico rionegrino, el factor determinante ser\u00e1 el viento.<\/p>\n<p>Viento: se esperan r\u00e1fagas que alcanzar\u00e1n los 50 km\/h, especialmente durante la ma\u00f1ana.<\/p>\n<p>Registros t\u00e9rmicos: la m\u00e1xima se ubicar\u00e1 en los 13\u00b0C y la m\u00ednima en los 6\u00b0C, bajo un cielo que permanecer\u00e1 mayormente nublado.<\/p>\n","protected":false},"excerpt":{"rendered":"<p>El norte de la Patagonia transita un lunes 27 de abril de rigor clim\u00e1tico extremo. El ingreso de una masa de aire fr\u00edo de origen polar ha desplomado los term\u00f3metros en toda la regi\u00f3n, generando un escenario de inestabilidad que combina heladas, viento y precipitaciones en diversas formas seg\u00fan la zona geogr\u00e1fica. En Neuqu\u00e9n, Cipolletti [&hellip;]<\/p>\n","protected":false},"author":1,"featured_media":14657,"comment_status":"","ping_status":"","sticky":false,"template":"","format":"standard","meta":{"_monsterinsights_skip_tracking":false,"_monsterinsights_sitenote_active":false,"_monsterinsights_sitenote_note":"","_monsterinsights_sitenote_category":0,"footnotes":"","jetpack_publicize_message":"","jetpack_publicize_feature_enabled":true,"jetpack_social_post_already_shared":true,"jetpack_social_options":{"image_generator_settings":{"template":"highway","default_image_id":0,"font":"","enabled":false},"version":2}},"categories":[5],"tags":[],"class_list":["post-14656","post","type-post","status-publish","format-standard","has-post-thumbnail","hentry","category-politica"],"aioseo_notices":[],"jetpack_publicize_connections":[],"amp_enabled":true,"_links":{"self":[{"href":"https:\/\/noticiasdeangostura.com.ar\/index.php?rest_route=\/wp\/v2\/posts\/14656","targetHints":{"allow":["GET"]}}],"collection":[{"href":"https:\/\/noticiasdeangostura.com.ar\/index.php?rest_route=\/wp\/v2\/posts"}],"about":[{"href":"https:\/\/noticiasdeangostura.com.ar\/index.php?rest_route=\/wp\/v2\/types\/post"}],"author":[{"embeddable":true,"href":"https:\/\/noticiasdeangostura.com.ar\/index.php?rest_route=\/wp\/v2\/users\/1"}],"replies":[{"embeddable":true,"href":"https:\/\/noticiasdeangostura.com.ar\/index.php?rest_route=%2Fwp%2Fv2%2Fcomments&post=14656"}],"version-history":[{"count":0,"href":"https:\/\/noticiasdeangostura.com.ar\/index.php?rest_route=\/wp\/v2\/posts\/14656\/revisions"}],"wp:featuredmedia":[{"embeddable":true,"href":"https:\/\/noticiasdeangostura.com.ar\/index.php?rest_route=\/wp\/v2\/media\/14657"}],"wp:attachment":[{"href":"https:\/\/noticiasdeangostura.com.ar\/index.php?rest_route=%2Fwp%2Fv2%2Fmedia&parent=14656"}],"wp:term":[{"taxonomy":"category","embeddable":true,"href":"https:\/\/noticiasdeangostura.com.ar\/index.php?rest_route=%2Fwp%2Fv2%2Fcategories&post=14656"},{"taxonomy":"post_tag","embeddable":true,"href":"https:\/\/noticiasdeangostura.com.ar\/index.php?rest_route=%2Fwp%2Fv2%2Ftags&post=14656"}],"curies":[{"name":"wp","href":"https:\/\/api.w.org\/{rel}","templated":true}]}}