{"id":14664,"date":"2026-04-27T09:25:24","date_gmt":"2026-04-27T12:25:24","guid":{"rendered":"https:\/\/noticiasdeangostura.com.ar\/?p=14664"},"modified":"2026-04-27T09:25:24","modified_gmt":"2026-04-27T12:25:24","slug":"violento-choque-frontal-en-ruta-7-dos-vehiculos-colisionaron-y-hubo-heridos-en-canadon-de-las-cabras","status":"publish","type":"post","link":"https:\/\/noticiasdeangostura.com.ar\/?p=14664","title":{"rendered":"Violento choque frontal en Ruta 7: dos veh\u00edculos colisionaron y hubo heridos en Ca\u00f1ad\u00f3n de las Cabras"},"content":{"rendered":"<p> <br \/>\n<br \/><\/p>\n<p>El accidente ocurri\u00f3 el domingo por la noche entre Neuqu\u00e9n y Centenario. Intervinieron ambulancias del SIEN y el tr\u00e1nsito estuvo cortado durante varias horas.<\/p>\n<div>\n<p>Centenario.- Un fuerte accidente de tr\u00e1nsito se registr\u00f3 este domingo por la noche sobre la Ruta 7, a la altura de Ca\u00f1ad\u00f3n de las Cabras, donde una camioneta y un auto chocaron de frente y dejaron como saldo varias personas heridas.<\/p>\n<p>El siniestro ocurri\u00f3 minutos antes de las 22:00 en un tramo considerado cr\u00edtico por las condiciones de circulaci\u00f3n, lo que motiv\u00f3 un importante despliegue de emergencia en la zona.<\/p>\n<p class=\"noEditable noticia-relacionada\" data-id=\"332493\"><ampiframe src=\"https:\/\/www.noticiasnqn.com.ar\/api\/noticias\/332493\/relacionadas?amp=1\" layout=\"fixed-height\" sandbox=\"allow-top-navigation allow-top-navigation-by-user-activation allow-scripts \" height=\"100px\"> <b placeholder=\"\">Lee tambi\u00e9n: Ruta 7: vecinos intentaron cortar el tr\u00e1nsito en El Cha\u00f1ar y la polic\u00eda lo evit\u00f3 en medio de reclamos por falta de luz<\/b> <\/ampiframe><\/p>\n<p>Seg\u00fan las primeras informaciones, los veh\u00edculos involucrados fueron una Ford Ranger y un Renault Sandero, que impactaron de manera frontal por causas que a\u00fan se investigan.<\/p>\n<p>La violencia del choque provoc\u00f3 importantes da\u00f1os materiales en ambos rodados y oblig\u00f3 a una r\u00e1pida intervenci\u00f3n de los equipos de salud. Al menos dos ambulancias del SIEN asistieron a los ocupantes en el lugar.<\/p>\n<p class=\"noEditable noticia-relacionada\" data-id=\"332496\"><ampiframe src=\"https:\/\/www.noticiasnqn.com.ar\/api\/noticias\/332496\/relacionadas?amp=1\" layout=\"fixed-height\" sandbox=\"allow-top-navigation allow-top-navigation-by-user-activation allow-scripts \" height=\"100px\"> <b placeholder=\"\">Lee tambi\u00e9n: Zapala particip\u00f3 en la Asamblea Nacional de Intendentes por el cambio clim\u00e1tico y reforz\u00f3 su agenda sustentable<\/b> <\/ampiframe><\/p>\n<p>Tras el accidente, efectivos de la Divisi\u00f3n Tr\u00e1nsito de la Polic\u00eda de Neuqu\u00e9n montaron un operativo para asegurar la zona y permitir el trabajo de los rescatistas y peritos.<\/p>\n<p>El procedimiento gener\u00f3 demoras y largas filas de veh\u00edculos, especialmente en un horario de alto flujo por el regreso del fin de semana.<\/p>\n<p>El tr\u00e1nsito permaneci\u00f3 restringido con desv\u00edos parciales hasta cerca de la medianoche, cuando comenzaron a normalizarse las condiciones de circulaci\u00f3n.<\/p>\n<p class=\"noEditable noticia-relacionada\" data-id=\"332505\"><ampiframe src=\"https:\/\/www.noticiasnqn.com.ar\/api\/noticias\/332505\/relacionadas?amp=1\" layout=\"fixed-height\" sandbox=\"allow-top-navigation allow-top-navigation-by-user-activation allow-scripts \" height=\"100px\"> <b placeholder=\"\">Lee tambi\u00e9n: Secuestran arma de fuego y coca\u00edna en Centenario tras un operativo policial sobre un veh\u00edculo<\/b> <\/ampiframe><\/p>\n<p>Hasta las primeras horas de este lunes, no se hab\u00eda difundido un parte oficial sobre el estado de salud de las personas involucradas.<\/p>\n<p>No obstante, la posici\u00f3n final de los veh\u00edculos sobre la calzada da cuenta de un impacto frontal de gran magnitud, lo que refuerza la hip\u00f3tesis de un siniestro de alta gravedad.<\/p>\n<p>Las autoridades trabajan para determinar las causas del choque, en un sector de la Ruta 7 donde la velocidad y la visibilidad suelen ser factores determinantes en este tipo de incidentes.<\/p>\n<\/p><\/div>\n","protected":false},"excerpt":{"rendered":"<p>El accidente ocurri\u00f3 el domingo por la noche entre Neuqu\u00e9n y Centenario. Intervinieron ambulancias del SIEN y el tr\u00e1nsito estuvo cortado durante varias horas. Centenario.- Un fuerte accidente de tr\u00e1nsito se registr\u00f3 este domingo por la noche sobre la Ruta 7, a la altura de Ca\u00f1ad\u00f3n de las Cabras, donde una camioneta y un auto [&hellip;]<\/p>\n","protected":false},"author":1,"featured_media":14665,"comment_status":"","ping_status":"","sticky":false,"template":"","format":"standard","meta":{"_monsterinsights_skip_tracking":false,"_monsterinsights_sitenote_active":false,"_monsterinsights_sitenote_note":"","_monsterinsights_sitenote_category":0,"footnotes":"","jetpack_publicize_message":"","jetpack_publicize_feature_enabled":true,"jetpack_social_post_already_shared":true,"jetpack_social_options":{"image_generator_settings":{"template":"highway","default_image_id":0,"font":"","enabled":false},"version":2}},"categories":[1],"tags":[],"class_list":["post-14664","post","type-post","status-publish","format-standard","has-post-thumbnail","hentry","category-ultimas-noticias"],"aioseo_notices":[],"jetpack_publicize_connections":[],"amp_enabled":true,"_links":{"self":[{"href":"https:\/\/noticiasdeangostura.com.ar\/index.php?rest_route=\/wp\/v2\/posts\/14664","targetHints":{"allow":["GET"]}}],"collection":[{"href":"https:\/\/noticiasdeangostura.com.ar\/index.php?rest_route=\/wp\/v2\/posts"}],"about":[{"href":"https:\/\/noticiasdeangostura.com.ar\/index.php?rest_route=\/wp\/v2\/types\/post"}],"author":[{"embeddable":true,"href":"https:\/\/noticiasdeangostura.com.ar\/index.php?rest_route=\/wp\/v2\/users\/1"}],"replies":[{"embeddable":true,"href":"https:\/\/noticiasdeangostura.com.ar\/index.php?rest_route=%2Fwp%2Fv2%2Fcomments&post=14664"}],"version-history":[{"count":0,"href":"https:\/\/noticiasdeangostura.com.ar\/index.php?rest_route=\/wp\/v2\/posts\/14664\/revisions"}],"wp:featuredmedia":[{"embeddable":true,"href":"https:\/\/noticiasdeangostura.com.ar\/index.php?rest_route=\/wp\/v2\/media\/14665"}],"wp:attachment":[{"href":"https:\/\/noticiasdeangostura.com.ar\/index.php?rest_route=%2Fwp%2Fv2%2Fmedia&parent=14664"}],"wp:term":[{"taxonomy":"category","embeddable":true,"href":"https:\/\/noticiasdeangostura.com.ar\/index.php?rest_route=%2Fwp%2Fv2%2Fcategories&post=14664"},{"taxonomy":"post_tag","embeddable":true,"href":"https:\/\/noticiasdeangostura.com.ar\/index.php?rest_route=%2Fwp%2Fv2%2Ftags&post=14664"}],"curies":[{"name":"wp","href":"https:\/\/api.w.org\/{rel}","templated":true}]}}