{"id":14672,"date":"2026-04-27T10:40:44","date_gmt":"2026-04-27T13:40:44","guid":{"rendered":"https:\/\/noticiasdeangostura.com.ar\/?p=14672"},"modified":"2026-04-27T10:40:44","modified_gmt":"2026-04-27T13:40:44","slug":"provincia-y-municipio-de-alumine-avanzaron-en-el-ordenamiento-turistico-y-la-gestion-ambiental","status":"publish","type":"post","link":"https:\/\/noticiasdeangostura.com.ar\/?p=14672","title":{"rendered":"Provincia y municipio de Alumin\u00e9 avanzaron en el ordenamiento tur\u00edstico y la gesti\u00f3n ambiental"},"content":{"rendered":"<p> <br \/>\n<br \/><\/p>\n<p>La ministra Leticia Esteves encabez\u00f3 una agenda de trabajo en la localidad, que incluy\u00f3 la firma de un acuerdo para regular la actividad tur\u00edstica y una recorrida por la nueva planta de clasificaci\u00f3n de residuos.<\/p>\n<div>\n<p>El ministerio de Turismo, Ambiente y Recursos Naturales llev\u00f3 adelante una agenda de trabajo en Alumin\u00e9, orientada a consolidar el crecimiento tur\u00edstico con herramientas de ordenamiento y fortalecer la gesti\u00f3n ambiental.<\/p>\n<p>La actividad fue encabezada por la ministra de Turismo, Ambiente y Recursos Naturales, <strong>Leticia Esteves<\/strong>, quien junto con autoridades locales avanz\u00f3 en la implementaci\u00f3n de pol\u00edticas p\u00fablicas destinadas a acompa\u00f1ar el desarrollo del destino, con eje en la planificaci\u00f3n, la regulaci\u00f3n y la sostenibilidad.<\/p>\n<p>Se firm\u00f3 un convenio de cooperaci\u00f3n tur\u00edstica entre la Provincia y el municipio, comprendido en la Ley Provincial N\u00ba 3440, con el objetivo de regular la actividad, promover condiciones de competencia equitativa, proteger al visitante y ordenar el mercado de alojamientos temporarios.<\/p>\n<p>La normativa establece el registro obligatorio de alojamientos tur\u00edsticos -como casas, departamentos y habitaciones-, una herramienta clave para garantizar mayor calidad, seguridad y transparencia en la oferta, al tiempo que permite formalizar la actividad y fortalecer el sistema tur\u00edstico local.<\/p>\n<p>Como parte de este proceso, se avanz\u00f3 en la implementaci\u00f3n del Sistema de Gesti\u00f3n Tur\u00edstica (SIGETUR), una plataforma digital que permitir\u00e1 centralizar la informaci\u00f3n del sector, gestionar habilitaciones, mejorar los procesos de fiscalizaci\u00f3n y facilitar la autogesti\u00f3n de tr\u00e1mites por parte de los prestadores.<\/p>\n<p>Durante la visita, las autoridades recorrieron la nueva planta de clasificaci\u00f3n de residuos, una infraestructura clave para mejorar la gesti\u00f3n ambiental de la localidad. El municipio proyecta incorporar nuevo equipamiento, como maquinaria espec\u00edfica, un autoelevador y un cami\u00f3n recolector, con el objetivo de optimizar los procesos de separaci\u00f3n, reciclado y disposici\u00f3n final.<\/p>\n<p>Estas acciones forman parte de una estrategia integral que vincula el desarrollo tur\u00edstico con el cuidado del ambiente, entendiendo que el crecimiento de destinos como Alumin\u00e9 requiere planificaci\u00f3n, inversi\u00f3n y herramientas de gesti\u00f3n que acompa\u00f1en ese proceso.<\/p>\n<p>Esteves destac\u00f3 que <em>\u201cAlumin\u00e9 viene creciendo de manera sostenida como destino tur\u00edstico, con m\u00e1s visitantes, m\u00e1s inversiones y obras que acompa\u00f1an ese desarrollo. Nuestro desaf\u00edo es que ese crecimiento sea ordenado y sostenible. Por eso avanzamos con herramientas como SIGETUR, que nos permite regular la actividad, dar transparencia y acompa\u00f1ar a los prestadores, y al mismo tiempo fortalecer la gesti\u00f3n ambiental con infraestructura clave como la nueva planta de residuos, que es fundamental para cuidar el entorno y garantizar calidad de vida para vecinos y visitantes\u201d.<\/em><\/p>\n<p>Este tipo de intervenciones consolidan un modelo de desarrollo basado en reglas claras, articulaci\u00f3n con los municipios y fortalecimiento de las capacidades locales, promoviendo un turismo sostenible que genere oportunidades sin perder de vista la protecci\u00f3n del entorno natural.<\/p>\n<\/p><\/div>\n<p><script type=\"19b3de5c8a0167c3c853dd92-text\/javascript\">\n    window.addEventListener('load', () => {\n        if (typeof FB !== 'undefined' && FB.init) {\n            \/\/ La SDK de Facebook est\u00e1 inicializada\n        } else {\n            \/\/ La SDK de Facebook no est\u00e1 inicializada\n            var script = document.createElement('script');\n            script.async = true;\n            script.defer = true;\n            script.crossOrigin = 'anonymous';\n            script.src=\"https:\/\/connect.facebook.net\/es_LA\/sdk.js#xfbml=1&version=v17.0&appId=868452105110858&autoLogAppEvents=1\";\n            script.nonce=\"eBgX2sTe\";\n            document.head.appendChild(script);\n        }\n        \/* FIX YOUTUBE (fix width) *\/\n        var youtubeIframes = document.querySelectorAll('iframe[src*=\"youtube.com\/embed\"]');\n        youtubeIframes.forEach(function(iframe) {\n            var containerWidth = iframe.parentElement.clientWidth || iframe.parentElement.offsetWidth;\n            if(containerWidth && iframe.width > containerWidth){\n                iframe.width = containerWidth;\n                iframe.height = (containerWidth \/ 16) * 9; \/\/ Assuming a 16:9 aspect ratio\n            }\n        });\n    });\n<\/script><\/p>\n","protected":false},"excerpt":{"rendered":"<p>La ministra Leticia Esteves encabez\u00f3 una agenda de trabajo en la localidad, que incluy\u00f3 la firma de un acuerdo para regular la actividad tur\u00edstica y una recorrida por la nueva planta de clasificaci\u00f3n de residuos. El ministerio de Turismo, Ambiente y Recursos Naturales llev\u00f3 adelante una agenda de trabajo en Alumin\u00e9, orientada a consolidar el [&hellip;]<\/p>\n","protected":false},"author":1,"featured_media":14673,"comment_status":"","ping_status":"","sticky":false,"template":"","format":"standard","meta":{"_monsterinsights_skip_tracking":false,"_monsterinsights_sitenote_active":false,"_monsterinsights_sitenote_note":"","_monsterinsights_sitenote_category":0,"footnotes":"","jetpack_publicize_message":"","jetpack_publicize_feature_enabled":true,"jetpack_social_post_already_shared":true,"jetpack_social_options":{"image_generator_settings":{"template":"highway","default_image_id":0,"font":"","enabled":false},"version":2}},"categories":[4],"tags":[257,57,2531,519,1163,2393,79,1804],"class_list":["post-14672","post","type-post","status-publish","format-standard","has-post-thumbnail","hentry","category-regionales","tag-alumine","tag-ambiental","tag-avanzaron","tag-gestion","tag-municipio","tag-ordenamiento","tag-provincia","tag-turistico"],"aioseo_notices":[],"jetpack_publicize_connections":[],"amp_enabled":true,"_links":{"self":[{"href":"https:\/\/noticiasdeangostura.com.ar\/index.php?rest_route=\/wp\/v2\/posts\/14672","targetHints":{"allow":["GET"]}}],"collection":[{"href":"https:\/\/noticiasdeangostura.com.ar\/index.php?rest_route=\/wp\/v2\/posts"}],"about":[{"href":"https:\/\/noticiasdeangostura.com.ar\/index.php?rest_route=\/wp\/v2\/types\/post"}],"author":[{"embeddable":true,"href":"https:\/\/noticiasdeangostura.com.ar\/index.php?rest_route=\/wp\/v2\/users\/1"}],"replies":[{"embeddable":true,"href":"https:\/\/noticiasdeangostura.com.ar\/index.php?rest_route=%2Fwp%2Fv2%2Fcomments&post=14672"}],"version-history":[{"count":0,"href":"https:\/\/noticiasdeangostura.com.ar\/index.php?rest_route=\/wp\/v2\/posts\/14672\/revisions"}],"wp:featuredmedia":[{"embeddable":true,"href":"https:\/\/noticiasdeangostura.com.ar\/index.php?rest_route=\/wp\/v2\/media\/14673"}],"wp:attachment":[{"href":"https:\/\/noticiasdeangostura.com.ar\/index.php?rest_route=%2Fwp%2Fv2%2Fmedia&parent=14672"}],"wp:term":[{"taxonomy":"category","embeddable":true,"href":"https:\/\/noticiasdeangostura.com.ar\/index.php?rest_route=%2Fwp%2Fv2%2Fcategories&post=14672"},{"taxonomy":"post_tag","embeddable":true,"href":"https:\/\/noticiasdeangostura.com.ar\/index.php?rest_route=%2Fwp%2Fv2%2Ftags&post=14672"}],"curies":[{"name":"wp","href":"https:\/\/api.w.org\/{rel}","templated":true}]}}