{"id":14687,"date":"2026-04-27T13:40:50","date_gmt":"2026-04-27T16:40:50","guid":{"rendered":"https:\/\/noticiasdeangostura.com.ar\/?p=14687"},"modified":"2026-04-27T13:40:50","modified_gmt":"2026-04-27T16:40:50","slug":"buscan-implementar-la-ley-federico-en-rio-negro-que-es-y-los-detalles-del-proyecto","status":"publish","type":"post","link":"https:\/\/noticiasdeangostura.com.ar\/?p=14687","title":{"rendered":"Buscan implementar la Ley Federico en R\u00edo Negro: qu\u00e9 es y los detalles del proyecto"},"content":{"rendered":"<p> <br \/>\n<br \/><br \/>Impulsada por legisladores de Juntos Somos R\u00edo Negro, el foco est\u00e1 en garantizar que todaslas personas puedan interactuar m\u00e1s all\u00e1 de sus capacidades comunicativas. De implementarse, tableros como la de la imagen, entre otros, ser\u00e1n instalados en puntos clave de R\u00edo Negro. Foto: gentileza<br \/>\n    R\u00edo Negro busca darle un marco regulatorio a lo que se presenta como Ley Federico. Tiene que ver con garantizar que todas las personas, independientemente de sus capacidades comunicativas, puedan interactuar de manera aut\u00f3noma y segura en su entorno es el objetivo central de la denominada.\u00a0Te puede interesar:\u00a0\u201c\u00bfEs necesario que los chicos est\u00e9n todo el tiempo conectados?\u201d: impulsan regular pantallas y el uso de la IA en escuelasA trav\u00e9s de la iniciativa, poder establecer el marco normativo provincial para la instalaci\u00f3n de Tableros de Comunicaci\u00f3n Aumentativa y Alternativa (CAA) en dependencias de salud, educaci\u00f3n, turismo, cultura, administraci\u00f3n p\u00fablica y dem\u00e1s espacios p\u00fablicos de R\u00edo Negro.\u00a0El proyecto fue elaborado por los legisladores de Juntos Somos R\u00edo Negro (JSRN), Elbi Cides y Lorena Yensen. La propuesta define a estos tableros como paneles impresos que utilizan composici\u00f3n alfanum\u00e9rica y simbolog\u00eda de entendimiento universal, dise\u00f1ados espec\u00edficamente como un m\u00e9todo complementario o de sustituci\u00f3n a la comunicaci\u00f3n oral.\u201cCuando una persona no puede comunicarse no es la persona quien falla, sino su entorno, el cual no ha sido dise\u00f1ado para todos\u201d, explicaron sus impulsores, destacando sus fundamentos para su tratamiento parlamentario.\u00a0Qu\u00e9 es la Ley FedericoCon su nombre se rinde homenaje a Federico, un estudiante rionegrino de 25 a\u00f1os con S\u00edndrome de Angelman, cuya familia fue pionera en el desarrollo e implementaci\u00f3n de sistemas CAA en Viedma para superar las barreras estructurales en el lenguaje.Estos dispositivos de accesibilidad beneficiar\u00e1n a personas con autismo, par\u00e1lisis cerebral, s\u00edndromes gen\u00e9ticos o afasias. Tambi\u00e9n est\u00e1n pensados para asistir a ni\u00f1os, adultos mayores, extranjeros o individuos en situaci\u00f3n de crisis emocional. \u201cUn recurso accesible, de baja tecnolog\u00eda, f\u00e1cil implementaci\u00f3n y uso\u201d, subraya el documento oficial.Los autores sostienen la necesidad de democratizar el uso de esta se\u00f1al\u00e9tica es el paso estrat\u00e9gico necesario para \u201cque nadie vuelva a quedar sin voz en comunidad\u201d.\u00bfC\u00f3mo se llevar\u00e1 adelante? De sancionarse, contaron que ser\u00e1 el Ministerio de Desarrollo Humano quien actuar\u00e1 como autoridad de aplicaci\u00f3n, siendo responsable de dise\u00f1ar los modelos universales y coordinar su distribuci\u00f3n prioritaria en todo el territorio provincial.<\/p>\n","protected":false},"excerpt":{"rendered":"<p>Impulsada por legisladores de Juntos Somos R\u00edo Negro, el foco est\u00e1 en garantizar que todaslas personas puedan interactuar m\u00e1s all\u00e1 de sus capacidades comunicativas. De implementarse, tableros como la de la imagen, entre otros, ser\u00e1n instalados en puntos clave de R\u00edo Negro. Foto: gentileza R\u00edo Negro busca darle un marco regulatorio a lo que se [&hellip;]<\/p>\n","protected":false},"author":1,"featured_media":14688,"comment_status":"","ping_status":"","sticky":false,"template":"","format":"standard","meta":{"_monsterinsights_skip_tracking":false,"_monsterinsights_sitenote_active":false,"_monsterinsights_sitenote_note":"","_monsterinsights_sitenote_category":0,"footnotes":"","jetpack_publicize_message":"","jetpack_publicize_feature_enabled":true,"jetpack_social_post_already_shared":true,"jetpack_social_options":{"image_generator_settings":{"template":"highway","default_image_id":0,"font":"","enabled":false},"version":2}},"categories":[5],"tags":[],"class_list":["post-14687","post","type-post","status-publish","format-standard","has-post-thumbnail","hentry","category-politica"],"aioseo_notices":[],"jetpack_publicize_connections":[],"amp_enabled":true,"_links":{"self":[{"href":"https:\/\/noticiasdeangostura.com.ar\/index.php?rest_route=\/wp\/v2\/posts\/14687","targetHints":{"allow":["GET"]}}],"collection":[{"href":"https:\/\/noticiasdeangostura.com.ar\/index.php?rest_route=\/wp\/v2\/posts"}],"about":[{"href":"https:\/\/noticiasdeangostura.com.ar\/index.php?rest_route=\/wp\/v2\/types\/post"}],"author":[{"embeddable":true,"href":"https:\/\/noticiasdeangostura.com.ar\/index.php?rest_route=\/wp\/v2\/users\/1"}],"replies":[{"embeddable":true,"href":"https:\/\/noticiasdeangostura.com.ar\/index.php?rest_route=%2Fwp%2Fv2%2Fcomments&post=14687"}],"version-history":[{"count":0,"href":"https:\/\/noticiasdeangostura.com.ar\/index.php?rest_route=\/wp\/v2\/posts\/14687\/revisions"}],"wp:featuredmedia":[{"embeddable":true,"href":"https:\/\/noticiasdeangostura.com.ar\/index.php?rest_route=\/wp\/v2\/media\/14688"}],"wp:attachment":[{"href":"https:\/\/noticiasdeangostura.com.ar\/index.php?rest_route=%2Fwp%2Fv2%2Fmedia&parent=14687"}],"wp:term":[{"taxonomy":"category","embeddable":true,"href":"https:\/\/noticiasdeangostura.com.ar\/index.php?rest_route=%2Fwp%2Fv2%2Fcategories&post=14687"},{"taxonomy":"post_tag","embeddable":true,"href":"https:\/\/noticiasdeangostura.com.ar\/index.php?rest_route=%2Fwp%2Fv2%2Ftags&post=14687"}],"curies":[{"name":"wp","href":"https:\/\/api.w.org\/{rel}","templated":true}]}}