{"id":14691,"date":"2026-04-27T13:48:39","date_gmt":"2026-04-27T16:48:39","guid":{"rendered":"https:\/\/noticiasdeangostura.com.ar\/?p=14691"},"modified":"2026-04-27T13:48:39","modified_gmt":"2026-04-27T16:48:39","slug":"ex-intendente-de-cervantes-reconocio-su-responsabilidad-por-defraudacion-y-acepto-tres-anos-condicional","status":"publish","type":"post","link":"https:\/\/noticiasdeangostura.com.ar\/?p=14691","title":{"rendered":"Ex intendente de Cervantes reconoci\u00f3 su responsabilidad por defraudaci\u00f3n y acept\u00f3 tres a\u00f1os condicional"},"content":{"rendered":"<p> <br \/>\n<br \/><\/p>\n<p>Gilberto Montanaro admiti\u00f3 los delitos de defraudaci\u00f3n a la administraci\u00f3n p\u00fablica y uso de documento p\u00fablico falso. El juez dar\u00e1 a conocer la resoluci\u00f3n el jueves 30 de abril.<\/p>\n<div>\n<p>El ex intendente de <span class=\"hover:entity-accent entity-underline inline cursor-pointer align-baseline\"><span class=\"whitespace-normal\">Cervantes<\/span><\/span>, <span class=\"hover:entity-accent entity-underline inline cursor-pointer align-baseline\"><span class=\"whitespace-normal\">Gilberto Montanaro<\/span><\/span>, reconoci\u00f3 su responsabilidad en los delitos de defraudaci\u00f3n a la administraci\u00f3n p\u00fablica y uso de documento p\u00fablico falso, en el marco de la causa conocida como Techo Digno. El imputado acept\u00f3 una pena de tres a\u00f1os de prisi\u00f3n de ejecuci\u00f3n condicional con el cumplimiento de reglas de conducta.<\/p>\n<p>La decisi\u00f3n final ser\u00e1 comunicada por el juez de Garant\u00edas el pr\u00f3ximo jueves 30 de abril a las 12.30 en los tribunales de <span class=\"hover:entity-accent entity-underline inline cursor-pointer align-baseline\"><span class=\"whitespace-normal\">General Roca<\/span><\/span>. La condena comenzar\u00e1 a cumplirse una vez que se conozca la sentencia, ya que tanto la fiscal\u00eda como la defensa renunciaron a los plazos procesales.<\/p>\n<p>La fiscal\u00eda solicit\u00f3 adem\u00e1s la inhabilitaci\u00f3n especial perpetua para ocupar cargos p\u00fablicos y el cumplimiento de reglas de conducta, entre ellas la prohibici\u00f3n de salir del pa\u00eds, presentaciones peri\u00f3dicas ante el \u00f3rgano de control, mantener domicilio fijo y no cometer nuevos delitos. Tambi\u00e9n se tuvo en cuenta que el imputado no registra antecedentes penales computables y su edad, 75 a\u00f1os.<\/p>\n<p>Durante la audiencia, el ex intendente admiti\u00f3 los hechos atribuidos por el Ministerio P\u00fablico Fiscal y acept\u00f3 el acuerdo pleno. La defensa destac\u00f3 que el imputado recibi\u00f3 el asesoramiento correspondiente y que comprend\u00eda los alcances del acuerdo.<\/p>\n<p class=\"noEditable noticia-relacionada\" data-id=\"332580\"><ampiframe src=\"https:\/\/www.noticiasnqn.com.ar\/api\/noticias\/332580\/relacionadas?amp=1\" layout=\"fixed-height\" sandbox=\"allow-top-navigation allow-top-navigation-by-user-activation allow-scripts \" height=\"100px\"> <b placeholder=\"\">Lee tambi\u00e9n: Un beb\u00e9 result\u00f3 herido tras caer de una mochila durante un trekking en el cerro Ventana<\/b> <\/ampiframe><\/p>\n<p>La investigaci\u00f3n se origin\u00f3 en un convenio firmado en noviembre de 2014 entre el entonces Ministerio de Planificaci\u00f3n Federal y el municipio de Cervantes para la construcci\u00f3n de 135 viviendas e infraestructura, en el marco del programa Techo Digno. Seg\u00fan la acusaci\u00f3n, se habr\u00edan presentado certificaciones de obra falsas para informar avances superiores a los reales.<\/p>\n<p>De acuerdo a la fiscal\u00eda, esto permiti\u00f3 el desembolso de $60.995.019,86, equivalente al 99,83 por ciento del monto total previsto, beneficiando indebidamente a las empresas constructoras involucradas. La acusaci\u00f3n se sustent\u00f3 en m\u00e1s de 80 puntos probatorios, entre ellos informes oficiales, pericias, documentaci\u00f3n administrativa y relevamientos realizados sobre las viviendas.<\/p>\n<\/p><\/div>\n","protected":false},"excerpt":{"rendered":"<p>Gilberto Montanaro admiti\u00f3 los delitos de defraudaci\u00f3n a la administraci\u00f3n p\u00fablica y uso de documento p\u00fablico falso. El juez dar\u00e1 a conocer la resoluci\u00f3n el jueves 30 de abril. El ex intendente de Cervantes, Gilberto Montanaro, reconoci\u00f3 su responsabilidad en los delitos de defraudaci\u00f3n a la administraci\u00f3n p\u00fablica y uso de documento p\u00fablico falso, en [&hellip;]<\/p>\n","protected":false},"author":1,"featured_media":14692,"comment_status":"","ping_status":"","sticky":false,"template":"","format":"standard","meta":{"_monsterinsights_skip_tracking":false,"_monsterinsights_sitenote_active":false,"_monsterinsights_sitenote_note":"","_monsterinsights_sitenote_category":0,"footnotes":"","jetpack_publicize_message":"","jetpack_publicize_feature_enabled":true,"jetpack_social_post_already_shared":true,"jetpack_social_options":{"image_generator_settings":{"template":"highway","default_image_id":0,"font":"","enabled":false},"version":2}},"categories":[1],"tags":[],"class_list":["post-14691","post","type-post","status-publish","format-standard","has-post-thumbnail","hentry","category-ultimas-noticias"],"aioseo_notices":[],"jetpack_publicize_connections":[],"amp_enabled":true,"_links":{"self":[{"href":"https:\/\/noticiasdeangostura.com.ar\/index.php?rest_route=\/wp\/v2\/posts\/14691","targetHints":{"allow":["GET"]}}],"collection":[{"href":"https:\/\/noticiasdeangostura.com.ar\/index.php?rest_route=\/wp\/v2\/posts"}],"about":[{"href":"https:\/\/noticiasdeangostura.com.ar\/index.php?rest_route=\/wp\/v2\/types\/post"}],"author":[{"embeddable":true,"href":"https:\/\/noticiasdeangostura.com.ar\/index.php?rest_route=\/wp\/v2\/users\/1"}],"replies":[{"embeddable":true,"href":"https:\/\/noticiasdeangostura.com.ar\/index.php?rest_route=%2Fwp%2Fv2%2Fcomments&post=14691"}],"version-history":[{"count":0,"href":"https:\/\/noticiasdeangostura.com.ar\/index.php?rest_route=\/wp\/v2\/posts\/14691\/revisions"}],"wp:featuredmedia":[{"embeddable":true,"href":"https:\/\/noticiasdeangostura.com.ar\/index.php?rest_route=\/wp\/v2\/media\/14692"}],"wp:attachment":[{"href":"https:\/\/noticiasdeangostura.com.ar\/index.php?rest_route=%2Fwp%2Fv2%2Fmedia&parent=14691"}],"wp:term":[{"taxonomy":"category","embeddable":true,"href":"https:\/\/noticiasdeangostura.com.ar\/index.php?rest_route=%2Fwp%2Fv2%2Fcategories&post=14691"},{"taxonomy":"post_tag","embeddable":true,"href":"https:\/\/noticiasdeangostura.com.ar\/index.php?rest_route=%2Fwp%2Fv2%2Ftags&post=14691"}],"curies":[{"name":"wp","href":"https:\/\/api.w.org\/{rel}","templated":true}]}}