{"id":14693,"date":"2026-04-27T13:49:44","date_gmt":"2026-04-27T16:49:44","guid":{"rendered":"https:\/\/noticiasdeangostura.com.ar\/?p=14693"},"modified":"2026-04-27T13:49:44","modified_gmt":"2026-04-27T16:49:44","slug":"de-la-sota-tensiona-la-previa-de-adorni-en-diputados-primero-que-milei-explique-la-estafa-libra","status":"publish","type":"post","link":"https:\/\/noticiasdeangostura.com.ar\/?p=14693","title":{"rendered":"De la Sota tensiona la previa de Adorni en Diputados: \u00abPrimero que Milei explique la estafa $LIBRA\u00bb"},"content":{"rendered":"<p> <br \/>\n<br \/><br \/>\n\t\t\t\t\t\tNatalia de la Sota subi\u00f3 el tono de su confrontaci\u00f3n con la Casa Rosada en una escala clave de su construcci\u00f3n nacional. En su paso por Rosario, la diputada cordobesa no solo cuestion\u00f3 el rumbo econ\u00f3mico, sino que apunt\u00f3 directamente a la transparencia del entorno presidencial. La estocada llega en momentos que se espera que escale la tensi\u00f3n parlamentaria, cuando el Jefe de Gabinete, Manuel Adorni, exponga en la C\u00e1mara de Diputados este mi\u00e9rcoles.<\/p>\n<p>Al ser consultada sobre las explicaciones que el oficialismo debe dar ante la sociedad, De la Sota fue tajante al se\u00f1alar que no tiene mayores expectativas sobre la comparecencia de Adorni, a quien acus\u00f3 de convertir la gesti\u00f3n en un show. Sin embargo, el dardo m\u00e1s punzante fue dirigido hacia la figura del presidente Javier Milei, a quien le exigi\u00f3 que explique de una vez por todas su rol y el de su c\u00edrculo \u00edntimo en la denominada estafa $LIBRA, un esc\u00e1ndalo financiero que el Gobierno intenta encapsular pero que la oposici\u00f3n ha decidido convertir en bandera de reclamo \u00e9tico.<\/p>\n<p>Optimismo libertario: LLA avanza con la Reforma y mide m\u00fasculo propio en C\u00f3rdoba<\/p>\n<p>La presencia de la l\u00edder de \u00abDefendamos C\u00f3rdoba\u00bb en territorio santafesino no fue un movimiento aislado. Convocada por un arco pol\u00edtico diverso, De la Sota se mostr\u00f3 junto al intendente de P\u00e9rez, Pablo Corsalini, el diputado massista Diego Giuliano y la referente de Ciudad Futura, Caren Tepp.<\/p>\n<p>Visita<\/p>\n<p>Durante su recorrida, la legisladora visit\u00f3 TecnoLagos, un polo educativo innovador en General Lagos, y la Empresa P\u00fablica de Alimentos, una red de cooperativas que intenta blindar el acceso a la canasta b\u00e1sica frente a una inflaci\u00f3n que ya encadena diez meses consecutivos de alzas asfixiantes.<\/p>\n<p>La gira nacional de la diputada cordobesa parece haber entrado en una fase de mayor exposici\u00f3n pol\u00edtica. En un di\u00e1logo abierto con j\u00f3venes en el centro cultural \u00abM\u00edstica\u00bb, De la Sota advirti\u00f3 que el modelo libertario est\u00e1 \u00abexprimiendo\u00bb a la clase media trabajadora y que el cierre masivo de pymes es la prueba irrefutable de un fracaso econ\u00f3mico que no se tapa con consignas de redes sociales.<\/p>\n<p>Con el desembarco de Adorni en el recinto de Diputados en las pr\u00f3ximas horas, las declaraciones de De la Sota en Rosario funcionan como un anticipo del clima que le espera al Jefe de Gabinete. La oposici\u00f3n no solo tiene preparadas preguntas sobre la macroeconom\u00eda y los planes de ajuste, sino que, tal como adelant\u00f3 la diputada, el pedido de rendici\u00f3n de cuentas sobre los v\u00ednculos del oficialismo con esquemas financieros cuestionados ser\u00e1 uno de los ejes de la presentaci\u00f3n del mi\u00e9rcoles, que seg\u00fan palabras del propio Mart\u00edn Menem, Presidente de la C\u00e1mara de Diputados, ser\u00e1 para \u00abcomprar pochoclos\u00bb.<\/p>\n","protected":false},"excerpt":{"rendered":"<p>Natalia de la Sota subi\u00f3 el tono de su confrontaci\u00f3n con la Casa Rosada en una escala clave de su construcci\u00f3n nacional. En su paso por Rosario, la diputada cordobesa no solo cuestion\u00f3 el rumbo econ\u00f3mico, sino que apunt\u00f3 directamente a la transparencia del entorno presidencial. La estocada llega en momentos que se espera que [&hellip;]<\/p>\n","protected":false},"author":1,"featured_media":14694,"comment_status":"","ping_status":"","sticky":false,"template":"","format":"standard","meta":{"_monsterinsights_skip_tracking":false,"_monsterinsights_sitenote_active":false,"_monsterinsights_sitenote_note":"","_monsterinsights_sitenote_category":0,"footnotes":"","jetpack_publicize_message":"","jetpack_publicize_feature_enabled":true,"jetpack_social_post_already_shared":true,"jetpack_social_options":{"image_generator_settings":{"template":"highway","default_image_id":0,"font":"","enabled":false},"version":2}},"categories":[11],"tags":[],"class_list":["post-14693","post","type-post","status-publish","format-standard","has-post-thumbnail","hentry","category-actualidad"],"aioseo_notices":[],"jetpack_publicize_connections":[],"amp_enabled":true,"_links":{"self":[{"href":"https:\/\/noticiasdeangostura.com.ar\/index.php?rest_route=\/wp\/v2\/posts\/14693","targetHints":{"allow":["GET"]}}],"collection":[{"href":"https:\/\/noticiasdeangostura.com.ar\/index.php?rest_route=\/wp\/v2\/posts"}],"about":[{"href":"https:\/\/noticiasdeangostura.com.ar\/index.php?rest_route=\/wp\/v2\/types\/post"}],"author":[{"embeddable":true,"href":"https:\/\/noticiasdeangostura.com.ar\/index.php?rest_route=\/wp\/v2\/users\/1"}],"replies":[{"embeddable":true,"href":"https:\/\/noticiasdeangostura.com.ar\/index.php?rest_route=%2Fwp%2Fv2%2Fcomments&post=14693"}],"version-history":[{"count":0,"href":"https:\/\/noticiasdeangostura.com.ar\/index.php?rest_route=\/wp\/v2\/posts\/14693\/revisions"}],"wp:featuredmedia":[{"embeddable":true,"href":"https:\/\/noticiasdeangostura.com.ar\/index.php?rest_route=\/wp\/v2\/media\/14694"}],"wp:attachment":[{"href":"https:\/\/noticiasdeangostura.com.ar\/index.php?rest_route=%2Fwp%2Fv2%2Fmedia&parent=14693"}],"wp:term":[{"taxonomy":"category","embeddable":true,"href":"https:\/\/noticiasdeangostura.com.ar\/index.php?rest_route=%2Fwp%2Fv2%2Fcategories&post=14693"},{"taxonomy":"post_tag","embeddable":true,"href":"https:\/\/noticiasdeangostura.com.ar\/index.php?rest_route=%2Fwp%2Fv2%2Ftags&post=14693"}],"curies":[{"name":"wp","href":"https:\/\/api.w.org\/{rel}","templated":true}]}}