{"id":14695,"date":"2026-04-27T13:51:02","date_gmt":"2026-04-27T16:51:02","guid":{"rendered":"https:\/\/noticiasdeangostura.com.ar\/?p=14695"},"modified":"2026-04-27T13:51:02","modified_gmt":"2026-04-27T16:51:02","slug":"juana-viale-se-llevo-el-oro-en-una-noche-historica-del-martin-fierro-de-moda","status":"publish","type":"post","link":"https:\/\/noticiasdeangostura.com.ar\/?p=14695","title":{"rendered":"Juana Viale se llev\u00f3 el Oro en una noche hist\u00f3rica del Mart\u00edn Fierro de Moda"},"content":{"rendered":"<p> <br \/>\n<br \/><br \/>La edici\u00f3n 2026 de los premios consagr\u00f3 a la conductora con el m\u00e1ximo galard\u00f3n en una ceremonia que celebr\u00f3 el valor de los talentos t\u00e9cnicos y creativos detr\u00e1s de escena.Juana Viale protagoniz\u00f3 la gran noche del Mart\u00edn Fierro de Moda al recibir el Oro, cerrando una edici\u00f3n que premi\u00f3 la excelencia t\u00e9cnica y creativa.<br \/>\n    En una gala emitida en vivo desde los estudios de Telefe, la Asociaci\u00f3n de Periodistas de la Televisi\u00f3n y la Radiofon\u00eda Argentina (APTRA) premi\u00f3 lo mejor de la temporada en materia de estilo, dise\u00f1o y tendencias. El momento cumbre de la velada lleg\u00f3 con la entrega del Mart\u00edn Fierro de Oro a Juana Viale, quien, visiblemente emocionada, recibi\u00f3 la estatuilla agradeciendo profundamente a su equipo de trabajo y, de manera especial, a su familia. \u00abHered\u00e9 algo que no s\u00e9 qu\u00e9 es, pero ac\u00e1 est\u00e1\u00bb, expres\u00f3 la conductora al recordar el legado de elegancia que le transmiti\u00f3 su abuela, Mirtha Legrand.M\u00e1s all\u00e1 de las celebridades: el reconocimiento a los trabajadores invisiblesUno de los puntos centrales de esta edici\u00f3n fue el esfuerzo de la organizaci\u00f3n por visibilizar a quienes rara vez ocupan el centro de los reflectores. Flavia Fern\u00e1ndez, organizadora del evento, destac\u00f3 que el objetivo principal fue \u00abhacer hablar de moda en el prime time\u00bb, otorgando protagonismo a las ternas t\u00e9cnicas. Esta decisi\u00f3n permiti\u00f3 premiar no solo a las figuras p\u00fablicas, sino tambi\u00e9n a vestuaristas, maquilladores, peinadores y estilistas, profesionales cuyo trabajo diario es el pilar fundamental que sostiene la est\u00e9tica de la televisi\u00f3n abierta. Bajo esta premisa, la gala logr\u00f3 integrar con \u00e9xito un formato de espect\u00e1culo televisivo sin perder el rigor profesional que exige la premiaci\u00f3n a los talentos emergentes y t\u00e9cnicos de la industria.La ceremonia cont\u00f3 con la conducci\u00f3n de Iv\u00e1n de Pineda y Valeria Mazza, quienes aportaron su experiencia y sofisticaci\u00f3n al evento. La alfombra roja, liderada por Zaira Nara y Chino Leunis, fue la antesala ideal para una noche que no solo se limit\u00f3 a premiar la vestimenta, sino que analiz\u00f3 la identidad de la moda nacional en di\u00e1logo constante con las tendencias internacionales. La estructura de las categor\u00edas se diversific\u00f3 para contemplar desde el mejor estilo en streaming hasta las propuestas m\u00e1s jugadas en grandes formatos de televisi\u00f3n, asegurando que la variedad fuera el eje conductor de la noche y permitiendo que nuevas figuras, como las del canal Olga, compartieran el escenario con referentes hist\u00f3ricos del espect\u00e1culo.Entre los ganadores se destacaron Carolina \u00abPampita\u00bb Ardohain (mejor estilo en redes), Nico Occhiato (mejor estilo masculino en Big Show por su paso en la Voz Argentina), Sol P\u00e9rez (mejor estilo de panelista femenina) y Benjam\u00edn Vicu\u00f1a (actor con mejor estilo en ficci\u00f3n). Asimismo, se reconoci\u00f3 a profesionales clave como Max Jara (mejor peluquero) y Gervasio Larrivey (mejor maquillador). La edici\u00f3n 2026 dej\u00f3 en claro que la moda argentina est\u00e1 atravesando una etapa de profesionalizaci\u00f3n profunda, donde la t\u00e9cnica, la creatividad y la capacidad de adaptaci\u00f3n a las nuevas plataformas digitales, son los factores que definen el \u00e9xito en la pantalla chica.<\/p>\n","protected":false},"excerpt":{"rendered":"<p>La edici\u00f3n 2026 de los premios consagr\u00f3 a la conductora con el m\u00e1ximo galard\u00f3n en una ceremonia que celebr\u00f3 el valor de los talentos t\u00e9cnicos y creativos detr\u00e1s de escena.Juana Viale protagoniz\u00f3 la gran noche del Mart\u00edn Fierro de Moda al recibir el Oro, cerrando una edici\u00f3n que premi\u00f3 la excelencia t\u00e9cnica y creativa. En [&hellip;]<\/p>\n","protected":false},"author":1,"featured_media":14696,"comment_status":"","ping_status":"","sticky":false,"template":"","format":"standard","meta":{"_monsterinsights_skip_tracking":false,"_monsterinsights_sitenote_active":false,"_monsterinsights_sitenote_note":"","_monsterinsights_sitenote_category":0,"footnotes":"","jetpack_publicize_message":"","jetpack_publicize_feature_enabled":true,"jetpack_social_post_already_shared":true,"jetpack_social_options":{"image_generator_settings":{"template":"highway","default_image_id":0,"font":"","enabled":false},"version":2}},"categories":[9],"tags":[],"class_list":["post-14695","post","type-post","status-publish","format-standard","has-post-thumbnail","hentry","category-espectaculos-y-moda"],"aioseo_notices":[],"jetpack_publicize_connections":[],"amp_enabled":true,"_links":{"self":[{"href":"https:\/\/noticiasdeangostura.com.ar\/index.php?rest_route=\/wp\/v2\/posts\/14695","targetHints":{"allow":["GET"]}}],"collection":[{"href":"https:\/\/noticiasdeangostura.com.ar\/index.php?rest_route=\/wp\/v2\/posts"}],"about":[{"href":"https:\/\/noticiasdeangostura.com.ar\/index.php?rest_route=\/wp\/v2\/types\/post"}],"author":[{"embeddable":true,"href":"https:\/\/noticiasdeangostura.com.ar\/index.php?rest_route=\/wp\/v2\/users\/1"}],"replies":[{"embeddable":true,"href":"https:\/\/noticiasdeangostura.com.ar\/index.php?rest_route=%2Fwp%2Fv2%2Fcomments&post=14695"}],"version-history":[{"count":0,"href":"https:\/\/noticiasdeangostura.com.ar\/index.php?rest_route=\/wp\/v2\/posts\/14695\/revisions"}],"wp:featuredmedia":[{"embeddable":true,"href":"https:\/\/noticiasdeangostura.com.ar\/index.php?rest_route=\/wp\/v2\/media\/14696"}],"wp:attachment":[{"href":"https:\/\/noticiasdeangostura.com.ar\/index.php?rest_route=%2Fwp%2Fv2%2Fmedia&parent=14695"}],"wp:term":[{"taxonomy":"category","embeddable":true,"href":"https:\/\/noticiasdeangostura.com.ar\/index.php?rest_route=%2Fwp%2Fv2%2Fcategories&post=14695"},{"taxonomy":"post_tag","embeddable":true,"href":"https:\/\/noticiasdeangostura.com.ar\/index.php?rest_route=%2Fwp%2Fv2%2Ftags&post=14695"}],"curies":[{"name":"wp","href":"https:\/\/api.w.org\/{rel}","templated":true}]}}