{"id":14699,"date":"2026-04-27T14:42:19","date_gmt":"2026-04-27T17:42:19","guid":{"rendered":"https:\/\/noticiasdeangostura.com.ar\/?p=14699"},"modified":"2026-04-27T14:42:19","modified_gmt":"2026-04-27T17:42:19","slug":"la-feria-del-libro-de-buenos-aires-cuenta-con-variada-participacion-neuquina","status":"publish","type":"post","link":"https:\/\/noticiasdeangostura.com.ar\/?p=14699","title":{"rendered":"La Feria del Libro de Buenos Aires cuenta con variada participaci\u00f3n neuquina"},"content":{"rendered":"<p> <br \/>\n<br \/><\/p>\n<p>En el stand del Ente Cultural Patagonia, la Provincia lleva adelante una nutrida programaci\u00f3n dentro del destacado evento que se realiza hasta el 11 de mayo en el predio La Rural del barrio de Palermo.<\/p>\n<div>\n<p>Con propuestas centradas en literatura para infancias, narrativa, poes\u00eda e historia regional, comenz\u00f3 la agenda de presentaciones de la provincia de Neuqu\u00e9n en la 50\u00b0 edici\u00f3n de la Feria Internacional del Libro de Buenos Aires, que forman parte de una destacada programaci\u00f3n que pone en valor la producci\u00f3n literaria, editorial y cultural de la provincia.<\/p>\n<p>El espacio neuquino coordinado por la secretar\u00eda de Cultura de la Provincia propone una variada agenda con presentaciones de libros, cat\u00e1logos editoriales, actividades para infancias, reconocimientos institucionales y encuentros con autores y autoras de toda la regi\u00f3n.<\/p>\n<p>En el stand de la provincia participan 115 autores de 14 localidades y 27 editoriales (de Neuqu\u00e9n Capital; San Mart\u00edn de los Andes; Villa La Angostura; Alumin\u00e9; Chos Malal y San Patricio del Cha\u00f1ar).<\/p>\n<p>Se exhiben 1.800 ejemplares que conforman una muestra bibliogr\u00e1fica de 195 t\u00edtulos representativos de producci\u00f3n local y est\u00e1n contempladas 40 presentaciones entre lanzamientos de libros, charlas tem\u00e1ticas y mesas de debate.<\/p>\n<p><strong>Presentaciones<\/strong><\/p>\n<p>El jueves 23, primer d\u00eda de actividades para el p\u00fablico, se present\u00f3 el libro de literatura infantil \u00abRenata\u00bb, de la autora <strong>Mar\u00eda Martha Paz<\/strong> (Del Manzano Ediciones). Esta obra, proveniente de San Mart\u00edn de los Andes, cautiv\u00f3 al p\u00fablico infantil con una propuesta que refuerza la calidad de la edici\u00f3n regional fuera de la capital provincial.<\/p>\n<p>La agenda neuquina continu\u00f3 el pasado s\u00e1bado, cuando el Fondo Editorial Neuquino (FEN), present\u00f3 su Colecci\u00f3n de Narrativas. Las obras \u00abMar que no guarda nada\u00bb de <strong>Ricardo Costa<\/strong> y \u00abAim\u00e9\u00bb, de <strong>Rafael Urretabizkaya y Willi Arr\u00fae<\/strong>, contaron con la participaci\u00f3n del editor <strong>Mauricio Bertuzzi<\/strong> y la presentaci\u00f3n de <strong>Carina Rita Medina<\/strong>. Estas piezas reafirman el compromiso del Estado Provincial con la difusi\u00f3n de textos de alto valor est\u00e9tico y patrimonial.<\/p>\n<p>Tambi\u00e9n el s\u00e1bado, se present\u00f3 un volumen de profunda carga hist\u00f3rica y social: \u00ab50 a\u00f1os por 60 poetas. Voces patag\u00f3nicas contra la Dictadura\u00bb. Publicado por Ediciones con Doble ZZ (2026), este libro de poes\u00eda colectiva fue analizado por el editor Mauricio Bertuzzi, destacando el rol de la literatura como guardiana de la memoria democr\u00e1tica en la Patagonia.<\/p>\n<p>El domingo se puso en valor la producci\u00f3n autogestiva con \u00abTrilog\u00eda de Antolog\u00edas de Neuqu\u00e9n 2024-2026\u00bb. A cargo de <strong>Graciela R\u00edos Lobos<\/strong>, esta presentaci\u00f3n de ficci\u00f3n literaria dio cuenta del trabajo sostenido de los colectivos de escritores neuquinos durante los \u00faltimos tres a\u00f1os.<\/p>\n<p>La agenda continuar\u00e1 esta semana con presentaciones diarias con vistas al domingo 3 de mayo, cuando se celebrar\u00e1 el D\u00eda de Neuqu\u00e9n.\u00a0<\/p>\n<\/p><\/div>\n<p><script type=\"35d49072579f8c93c07cfb93-text\/javascript\">\n    window.addEventListener('load', () => {\n        if (typeof FB !== 'undefined' && FB.init) {\n            \/\/ La SDK de Facebook est\u00e1 inicializada\n        } else {\n            \/\/ La SDK de Facebook no est\u00e1 inicializada\n            var script = document.createElement('script');\n            script.async = true;\n            script.defer = true;\n            script.crossOrigin = 'anonymous';\n            script.src=\"https:\/\/connect.facebook.net\/es_LA\/sdk.js#xfbml=1&version=v17.0&appId=868452105110858&autoLogAppEvents=1\";\n            script.nonce=\"eBgX2sTe\";\n            document.head.appendChild(script);\n        }\n        \/* FIX YOUTUBE (fix width) *\/\n        var youtubeIframes = document.querySelectorAll('iframe[src*=\"youtube.com\/embed\"]');\n        youtubeIframes.forEach(function(iframe) {\n            var containerWidth = iframe.parentElement.clientWidth || iframe.parentElement.offsetWidth;\n            if(containerWidth && iframe.width > containerWidth){\n                iframe.width = containerWidth;\n                iframe.height = (containerWidth \/ 16) * 9; \/\/ Assuming a 16:9 aspect ratio\n            }\n        });\n    });\n<\/script><\/p>\n","protected":false},"excerpt":{"rendered":"<p>En el stand del Ente Cultural Patagonia, la Provincia lleva adelante una nutrida programaci\u00f3n dentro del destacado evento que se realiza hasta el 11 de mayo en el predio La Rural del barrio de Palermo. Con propuestas centradas en literatura para infancias, narrativa, poes\u00eda e historia regional, comenz\u00f3 la agenda de presentaciones de la provincia [&hellip;]<\/p>\n","protected":false},"author":1,"featured_media":14700,"comment_status":"","ping_status":"","sticky":false,"template":"","format":"standard","meta":{"_monsterinsights_skip_tracking":false,"_monsterinsights_sitenote_active":false,"_monsterinsights_sitenote_note":"","_monsterinsights_sitenote_category":0,"footnotes":"","jetpack_publicize_message":"","jetpack_publicize_feature_enabled":true,"jetpack_social_post_already_shared":true,"jetpack_social_options":{"image_generator_settings":{"template":"highway","default_image_id":0,"font":"","enabled":false},"version":2}},"categories":[4],"tags":[414,413,45,1529,29,550,758,43,1143,2532],"class_list":["post-14699","post","type-post","status-publish","format-standard","has-post-thumbnail","hentry","category-regionales","tag-aires","tag-buenos","tag-con","tag-cuenta","tag-del","tag-feria","tag-libro","tag-neuquina","tag-participacion","tag-variada"],"aioseo_notices":[],"jetpack_publicize_connections":[],"amp_enabled":true,"_links":{"self":[{"href":"https:\/\/noticiasdeangostura.com.ar\/index.php?rest_route=\/wp\/v2\/posts\/14699","targetHints":{"allow":["GET"]}}],"collection":[{"href":"https:\/\/noticiasdeangostura.com.ar\/index.php?rest_route=\/wp\/v2\/posts"}],"about":[{"href":"https:\/\/noticiasdeangostura.com.ar\/index.php?rest_route=\/wp\/v2\/types\/post"}],"author":[{"embeddable":true,"href":"https:\/\/noticiasdeangostura.com.ar\/index.php?rest_route=\/wp\/v2\/users\/1"}],"replies":[{"embeddable":true,"href":"https:\/\/noticiasdeangostura.com.ar\/index.php?rest_route=%2Fwp%2Fv2%2Fcomments&post=14699"}],"version-history":[{"count":0,"href":"https:\/\/noticiasdeangostura.com.ar\/index.php?rest_route=\/wp\/v2\/posts\/14699\/revisions"}],"wp:featuredmedia":[{"embeddable":true,"href":"https:\/\/noticiasdeangostura.com.ar\/index.php?rest_route=\/wp\/v2\/media\/14700"}],"wp:attachment":[{"href":"https:\/\/noticiasdeangostura.com.ar\/index.php?rest_route=%2Fwp%2Fv2%2Fmedia&parent=14699"}],"wp:term":[{"taxonomy":"category","embeddable":true,"href":"https:\/\/noticiasdeangostura.com.ar\/index.php?rest_route=%2Fwp%2Fv2%2Fcategories&post=14699"},{"taxonomy":"post_tag","embeddable":true,"href":"https:\/\/noticiasdeangostura.com.ar\/index.php?rest_route=%2Fwp%2Fv2%2Ftags&post=14699"}],"curies":[{"name":"wp","href":"https:\/\/api.w.org\/{rel}","templated":true}]}}