{"id":14701,"date":"2026-04-27T15:44:50","date_gmt":"2026-04-27T18:44:50","guid":{"rendered":"https:\/\/noticiasdeangostura.com.ar\/?p=14701"},"modified":"2026-04-27T15:44:50","modified_gmt":"2026-04-27T18:44:50","slug":"el-juez-que-suspendio-la-aplicacion-de-la-reforma-laboral-denuncio-presiones-del-ejecutivo","status":"publish","type":"post","link":"https:\/\/noticiasdeangostura.com.ar\/?p=14701","title":{"rendered":"El juez que suspendi\u00f3 la aplicaci\u00f3n de la reforma laboral denunci\u00f3 presiones del Ejecutivo"},"content":{"rendered":"<p> <br \/>\n<br \/><br \/>\u201cHay algo pesado, mucho inter\u00e9s en juego\u201d, advirti\u00f3 este lunes el magistrado en di\u00e1logo con Radio 750.&#13;<\/p>\n<p>    La controversia en torno a la nueva reforma laboral contin\u00faa intensific\u00e1ndose, alimentada por decisiones que han estado en manos de la justicia y que predicen un arduo debate. Esta batalla jur\u00eddica amenaza con perdurar hasta que la Corte Suprema de Justicia decida intervenir como \u00faltima instancia. Desde que el Magistrado Ra\u00fal Horacio Ojeda, titular del Juzgado del Trabajo N\u00b063, decidi\u00f3 suspender la gran mayor\u00eda de esta reforma, las tensiones han aumentado considerablemente. Lee tambi\u00e9n: El Gobierno consigui\u00f3 un fallo clave: la Justicia reactiv\u00f3 la reforma laboral En marzo, el juez Ojeda accedi\u00f3 a una solicitud impulsada por la Confederaci\u00f3n General del Trabajo (CGT), suspendiendo, a trav\u00e9s de una medida cautelar, 82 art\u00edculos de esta reforma aprobada por el Congreso bajo el liderazgo del gobierno de Javier Milei. Esta intervenci\u00f3n legal detuvo moment\u00e1neamente gran parte de las nuevas normativas, a la espera de un fallo definitivo que aborde la cuesti\u00f3n de fondo.Sin embargo, las incertidumbres no se despejaron ah\u00ed. La C\u00e1mara Nacional de Apelaciones del Trabajo revirti\u00f3 r\u00e1pidamente, en parte, la decisi\u00f3n de Ojeda. La Sala VIII, con los votos de los jueces V\u00edctor Arturo Pesino y Mar\u00eda Dora Gonz\u00e1lez, suspendi\u00f3 temporalmente la cautelar, restableciendo la vigencia de esos art\u00edculos. Esta acci\u00f3n fue r\u00e1pidamente respaldada por el gobierno de Milei, quien propuso extender la labor de Pesino, d\u00e1ndole continuidad en su cargo por encima de la edad estipulada por la Constituci\u00f3n.Las tensiones pol\u00edticas y sociales cobraron una nueva dimensi\u00f3n cuando Ojeda hizo p\u00fablica su denuncia de haber sido objeto de presiones por parte del Ejecutivo. En declaraciones a un medio radial, Ojeda manifestaba que \u00abhay algo pesado, mucho inter\u00e9s en juego\u00bb, atribuyendo estas presiones a la relevancia y el impacto de las decisiones judiciales en juego.El contexto se vio a\u00fan m\u00e1s empa\u00f1ado por la denuncia interpuesta contra Ojeda por el l\u00edder del Movimiento Empresarial Anti Bloqueos (MEAB), Juan M\u00e9ndez. La acusaci\u00f3n fue de abuso de autoridad por la suspensi\u00f3n, mediante cautelar, de la Ley N\u00b0 27.802 de Modernizaci\u00f3n Laboral, a la que se le atribuyen implicaciones sobre m\u00faltiples contratos laborales.Ojeda, que se defendi\u00f3 se\u00f1alando su crema en el \u00e1mbito acad\u00e9mico y su historia como asesor t\u00e9cnico del exministro de Trabajo, Carlos Tomada, reiter\u00f3 su entereza frente a la adversidad, indicando que las cr\u00edticas actuales enfocadas en su pasado laboral no cuentan con fundamento t\u00e9cnico s\u00f3lido que cuestione sus m\u00e9todos judiciales.<\/p>\n","protected":false},"excerpt":{"rendered":"<p>\u201cHay algo pesado, mucho inter\u00e9s en juego\u201d, advirti\u00f3 este lunes el magistrado en di\u00e1logo con Radio 750.&#13; La controversia en torno a la nueva reforma laboral contin\u00faa intensific\u00e1ndose, alimentada por decisiones que han estado en manos de la justicia y que predicen un arduo debate. Esta batalla jur\u00eddica amenaza con perdurar hasta que la Corte [&hellip;]<\/p>\n","protected":false},"author":1,"featured_media":14702,"comment_status":"","ping_status":"","sticky":false,"template":"","format":"standard","meta":{"_monsterinsights_skip_tracking":false,"_monsterinsights_sitenote_active":false,"_monsterinsights_sitenote_note":"","_monsterinsights_sitenote_category":0,"footnotes":"","jetpack_publicize_message":"","jetpack_publicize_feature_enabled":true,"jetpack_social_post_already_shared":true,"jetpack_social_options":{"image_generator_settings":{"template":"highway","default_image_id":0,"font":"","enabled":false},"version":2}},"categories":[5],"tags":[],"class_list":["post-14701","post","type-post","status-publish","format-standard","has-post-thumbnail","hentry","category-politica"],"aioseo_notices":[],"jetpack_publicize_connections":[],"amp_enabled":true,"_links":{"self":[{"href":"https:\/\/noticiasdeangostura.com.ar\/index.php?rest_route=\/wp\/v2\/posts\/14701","targetHints":{"allow":["GET"]}}],"collection":[{"href":"https:\/\/noticiasdeangostura.com.ar\/index.php?rest_route=\/wp\/v2\/posts"}],"about":[{"href":"https:\/\/noticiasdeangostura.com.ar\/index.php?rest_route=\/wp\/v2\/types\/post"}],"author":[{"embeddable":true,"href":"https:\/\/noticiasdeangostura.com.ar\/index.php?rest_route=\/wp\/v2\/users\/1"}],"replies":[{"embeddable":true,"href":"https:\/\/noticiasdeangostura.com.ar\/index.php?rest_route=%2Fwp%2Fv2%2Fcomments&post=14701"}],"version-history":[{"count":0,"href":"https:\/\/noticiasdeangostura.com.ar\/index.php?rest_route=\/wp\/v2\/posts\/14701\/revisions"}],"wp:featuredmedia":[{"embeddable":true,"href":"https:\/\/noticiasdeangostura.com.ar\/index.php?rest_route=\/wp\/v2\/media\/14702"}],"wp:attachment":[{"href":"https:\/\/noticiasdeangostura.com.ar\/index.php?rest_route=%2Fwp%2Fv2%2Fmedia&parent=14701"}],"wp:term":[{"taxonomy":"category","embeddable":true,"href":"https:\/\/noticiasdeangostura.com.ar\/index.php?rest_route=%2Fwp%2Fv2%2Fcategories&post=14701"},{"taxonomy":"post_tag","embeddable":true,"href":"https:\/\/noticiasdeangostura.com.ar\/index.php?rest_route=%2Fwp%2Fv2%2Ftags&post=14701"}],"curies":[{"name":"wp","href":"https:\/\/api.w.org\/{rel}","templated":true}]}}