{"id":14705,"date":"2026-04-27T15:51:14","date_gmt":"2026-04-27T18:51:14","guid":{"rendered":"https:\/\/noticiasdeangostura.com.ar\/?p=14705"},"modified":"2026-04-27T15:51:14","modified_gmt":"2026-04-27T18:51:14","slug":"el-departamento-de-manuel-adorni-en-parque-chacabuco-caracteristicas-venta-y-vida-cotidiana-en-asamblea-1132","status":"publish","type":"post","link":"https:\/\/noticiasdeangostura.com.ar\/?p=14705","title":{"rendered":"El departamento de Manuel Adorni en Parque Chacabuco: caracter\u00edsticas, venta y vida cotidiana en Asamblea 1132"},"content":{"rendered":"<p> <br \/>\n<br \/><\/p>\n<p>\t\t\t\t\t\tEl departamento ubicado sobre la avenida Asamblea 1132, frente al hist\u00f3rico Parque Chacabuco, se convirti\u00f3 en uno de los inmuebles m\u00e1s mencionados en los \u00faltimos meses alrededor de la figura del vocero presidencial Manuel Adorni. No solo por su valor inmobiliario y las operaciones financieras vinculadas, sino tambi\u00e9n por el contexto cotidiano que rode\u00f3 su vida familiar en ese edificio.    La propiedad, adquirida en febrero de 2014 junto a su esposa Bettina Angeletti, fue durante a\u00f1os la residencia familiar antes de su mudanza posterior a otro en el barrio de Caballito. Se trata de un departamento de dimensiones superiores al promedio del edificio, con caracter\u00edsticas que lo ubican entre las unidades m\u00e1s valiosas de esa torre frente al parque.    Seg\u00fan los datos surgidos de avisos inmobiliarios y tasaciones, la unidad cuenta con una superficie cubierta cercana a los 140 metros cuadrados y un total aproximado de 200 metros cuadrados, incluyendo una terraza propia y un quincho cerrado. La distribuci\u00f3n responde a un esquema cl\u00e1sico de viviendas familiares: tres dormitorios, dependencia de servicio, living-comedor amplio, cocina independiente y espacios exteriores que miran directamente hacia el pulm\u00f3n verde del barrio.<\/p>\n<p>        Esto no les gusta a los autoritarios<\/p>\n<p>                El ejercicio del periodismo profesional y cr\u00edtico es un pilar fundamental de la democracia. Por eso molesta a quienes creen ser los due\u00f1os de la verdad.<\/p>\n<p>        El edificio, de construcci\u00f3n tradicional y varias d\u00e9cadas de antig\u00fcedad, mantiene caracter\u00edsticas t\u00edpicas de las torres residenciales de los a\u00f1os sesenta, con servicios comunes, mantenimiento permanente y seguridad privada. Las expensas, seg\u00fan publicaciones recientes, rondan cifras elevadas para el promedio del barrio, reflejando tanto el tama\u00f1o de las unidades como los servicios disponibles.    Actualmente, el inmueble se encuentra ofrecido en venta por un valor cercano a los 285.000 d\u00f3lares, con posibilidad de negociaci\u00f3n a la baja de hasta 10.000 d\u00f3lares, en un intento por concretar la operaci\u00f3n en un mercado inmobiliario que se mantiene lento y selectivo.    El cambio de estrategia: de un intermediario cercano a una inmobiliaria formal    La comercializaci\u00f3n del departamento atraves\u00f3 una modificaci\u00f3n significativa en su modalidad de venta. En una primera etapa, el inmueble fue ofrecido a trav\u00e9s de Pablo Mart\u00edn Feijoo, quien figuraba como contacto directo en publicaciones realizadas bajo la modalidad de \u201cdue\u00f1o directo\u201d, en Zonaprop.    Ese esquema inicial implicaba una comercializaci\u00f3n m\u00e1s informal, sin la estructura tradicional de una inmobiliaria, y con un precio publicado que rondaba valores cercanos a los 289.990 d\u00f3lares. Sin embargo, ante la falta de avances concretos en la venta, se produjo un cambio de estrategia.    En una segunda etapa, la propiedad pas\u00f3 a ser gestionada por una inmobiliaria formal, identificada como Zona Activa, que tom\u00f3 el control de la comercializaci\u00f3n del inmueble. A partir de ese momento, el precio fue ajustado a aproximadamente 285.000 d\u00f3lares, contemplando adem\u00e1s un margen de negociaci\u00f3n que permitir\u00eda aceptar ofertas levemente inferiores, en un intento por acelerar la operaci\u00f3n.    Este cambio de intermediaci\u00f3n marc\u00f3 un punto de inflexi\u00f3n en el proceso de venta, sugiriendo la necesidad de profesionalizar la comercializaci\u00f3n para aumentar la visibilidad del inmueble y facilitar su colocaci\u00f3n en el mercado.    Vida cotidiana y convivencia con los vecinos    M\u00e1s all\u00e1 de los datos patrimoniales y financieros, el paso de la familia por el edificio dej\u00f3 una din\u00e1mica vecinal que, seg\u00fan relatan residentes y personas cercanas al entorno, se desarroll\u00f3 sin episodios de hostigamiento ni conflictos graves hacia el funcionario.    Contrariamente a versiones que circularon en redes sociales en distintos momentos, no se registraron situaciones de acoso vecinal contra Manuel Adorni durante su residencia en el lugar. La convivencia, en t\u00e9rminos generales, fue considerada normal dentro de la din\u00e1mica t\u00edpica de un consorcio porte\u00f1o.    En ese contexto, el vocero presidencial manten\u00eda una rutina visible en el barrio: era \u00e9l quien habitualmente sal\u00eda con sus hijos a caminar o jugar en el parque, aprovechando la ubicaci\u00f3n privilegiada del edificio frente al espacio verde. Esa escena cotidiana \u2014un padre acompa\u00f1ando a sus hijos en el parque\u2014 formaba parte del paisaje habitual para quienes frecuentan la zona.    Dentro del funcionamiento del consorcio, en cambio, la participaci\u00f3n familiar ten\u00eda otro protagonista. Seg\u00fan testimonios del entorno vecinal, era su esposa quien asist\u00eda regularmente a las reuniones de consorcio. En esos encuentros, relatan algunos vecinos, se produc\u00edan discusiones habituales sobre temas edilicios y administrativos, en un clima que no difer\u00eda del que se observa en otros edificios con m\u00faltiples unidades y propietarios.    Pol\u00edtica en el palier: discusiones sin estridencias    Un aspecto que s\u00ed formaba parte del v\u00ednculo cotidiano era la conversaci\u00f3n pol\u00edtica. Vecinos del edificio recuerdan que Manuel Adorni discut\u00eda temas pol\u00edticos en espacios comunes o en charlas informales, algo que se volvi\u00f3 m\u00e1s frecuente a medida que su exposici\u00f3n p\u00fablica crec\u00eda.    Sin embargo, esos intercambios se desarrollaban \u2014seg\u00fan quienes compartieron esos momentos\u2014 en un tono normal y sin escaladas conflictivas. Las diferencias ideol\u00f3gicas exist\u00edan, pero se expresaban dentro de par\u00e1metros habituales para un edificio en el que conviven perfiles diversos.    Ese detalle adquiere relevancia en un contexto donde, por la exposici\u00f3n p\u00fablica del funcionario, hubiera sido esperable un clima m\u00e1s tenso o polarizado. No obstante, los testimonios coinciden en que la convivencia no registr\u00f3 episodios extraordinarios ni situaciones que alteraran significativamente la vida del consorcio.    El departamento como pieza clave en la situaci\u00f3n patrimonial    Hoy, el inmueble de Asamblea 1132 ocupa un lugar central en la estrategia financiera vinculada al patrimonio familiar. Sobre la unidad pesa una hipoteca que fue utilizada como garant\u00eda para obtener pr\u00e9stamos en d\u00f3lares, lo que convierte su venta en un movimiento relevante para equilibrar compromisos econ\u00f3micos pendientes.    La decisi\u00f3n de ponerlo en el mercado, primero mediante un intermediario cercano y luego a trav\u00e9s de una inmobiliaria formal, refleja un cambio de enfoque orientado a acelerar la concreci\u00f3n de la operaci\u00f3n. El precio solicitado se ubica dentro de los valores de mercado para unidades con terraza frente al parque, aunque el ritmo de consultas a\u00fan no muestra una demanda masiva.    Mientras tanto, el departamento permanece como un s\u00edmbolo de una etapa previa en la vida del vocero presidencial: la de un vecino m\u00e1s de Parque Chacabuco, que compart\u00eda discusiones pol\u00edticas en tono cordial, acompa\u00f1aba a sus hijos al parque y participaba indirectamente \u2014a trav\u00e9s de su esposa\u2014 de la din\u00e1mica cotidiana del consorcio.    Por un decreto de Milei, Adorni y el resto de los ministros duplicaron sus sueldos    En esa combinaci\u00f3n de vida privada, actividad pol\u00edtica y movimientos patrimoniales, el inmueble de Asamblea 1132 se transform\u00f3 en un punto de observaci\u00f3n privilegiado para entender no solo una operaci\u00f3n inmobiliaria, sino tambi\u00e9n una forma de convivencia urbana en uno de los barrios tradicionales de la Ciudad de Buenos Aires.    MV  <\/p>\n","protected":false},"excerpt":{"rendered":"<p>El departamento ubicado sobre la avenida Asamblea 1132, frente al hist\u00f3rico Parque Chacabuco, se convirti\u00f3 en uno de los inmuebles m\u00e1s mencionados en los \u00faltimos meses alrededor de la figura del vocero presidencial Manuel Adorni. No solo por su valor inmobiliario y las operaciones financieras vinculadas, sino tambi\u00e9n por el contexto cotidiano que rode\u00f3 su [&hellip;]<\/p>\n","protected":false},"author":1,"featured_media":14706,"comment_status":"","ping_status":"","sticky":false,"template":"","format":"standard","meta":{"_monsterinsights_skip_tracking":false,"_monsterinsights_sitenote_active":false,"_monsterinsights_sitenote_note":"","_monsterinsights_sitenote_category":0,"footnotes":"","jetpack_publicize_message":"","jetpack_publicize_feature_enabled":true,"jetpack_social_post_already_shared":true,"jetpack_social_options":{"image_generator_settings":{"template":"highway","default_image_id":0,"font":"","enabled":false},"version":2}},"categories":[11],"tags":[],"class_list":["post-14705","post","type-post","status-publish","format-standard","has-post-thumbnail","hentry","category-actualidad"],"aioseo_notices":[],"jetpack_publicize_connections":[],"amp_enabled":true,"_links":{"self":[{"href":"https:\/\/noticiasdeangostura.com.ar\/index.php?rest_route=\/wp\/v2\/posts\/14705","targetHints":{"allow":["GET"]}}],"collection":[{"href":"https:\/\/noticiasdeangostura.com.ar\/index.php?rest_route=\/wp\/v2\/posts"}],"about":[{"href":"https:\/\/noticiasdeangostura.com.ar\/index.php?rest_route=\/wp\/v2\/types\/post"}],"author":[{"embeddable":true,"href":"https:\/\/noticiasdeangostura.com.ar\/index.php?rest_route=\/wp\/v2\/users\/1"}],"replies":[{"embeddable":true,"href":"https:\/\/noticiasdeangostura.com.ar\/index.php?rest_route=%2Fwp%2Fv2%2Fcomments&post=14705"}],"version-history":[{"count":0,"href":"https:\/\/noticiasdeangostura.com.ar\/index.php?rest_route=\/wp\/v2\/posts\/14705\/revisions"}],"wp:featuredmedia":[{"embeddable":true,"href":"https:\/\/noticiasdeangostura.com.ar\/index.php?rest_route=\/wp\/v2\/media\/14706"}],"wp:attachment":[{"href":"https:\/\/noticiasdeangostura.com.ar\/index.php?rest_route=%2Fwp%2Fv2%2Fmedia&parent=14705"}],"wp:term":[{"taxonomy":"category","embeddable":true,"href":"https:\/\/noticiasdeangostura.com.ar\/index.php?rest_route=%2Fwp%2Fv2%2Fcategories&post=14705"},{"taxonomy":"post_tag","embeddable":true,"href":"https:\/\/noticiasdeangostura.com.ar\/index.php?rest_route=%2Fwp%2Fv2%2Ftags&post=14705"}],"curies":[{"name":"wp","href":"https:\/\/api.w.org\/{rel}","templated":true}]}}