{"id":14707,"date":"2026-04-27T15:52:18","date_gmt":"2026-04-27T18:52:18","guid":{"rendered":"https:\/\/noticiasdeangostura.com.ar\/?p=14707"},"modified":"2026-04-27T15:52:18","modified_gmt":"2026-04-27T18:52:18","slug":"neuquen-proyecta-presente-continuo-un-biodrama-que-desde-el-amor-y-la-maternidad-visibiliza-el-autismo-neuquen-al-instante","status":"publish","type":"post","link":"https:\/\/noticiasdeangostura.com.ar\/?p=14707","title":{"rendered":"Neuqu\u00e9n proyecta \u201cPresente Continuo\u201d, un biodrama que desde el amor y la maternidad visibiliza el autismo | Neuqu\u00e9n Al Instante"},"content":{"rendered":"<p> <br \/>\n<br \/><\/p>\n<p>                        lunes 27 de abril de 2026  <\/p>\n<p>            Este lunes 27 de abril a las 18 se presentar\u00e1 en el Museo Nacional de Bellas Artes el largometraje \u201cPresente Continuo\u201d, dirigido por Ulises Rosell y protagonizado por Valentina Bassi junto a su hijo Lisandro, de 16 a\u00f1os, quien se encuentra dentro del espectro autista.La pel\u00edcula combina ficci\u00f3n y documental, y da cuenta de aspectos como la crianza, el entorno art\u00edstico y la lucha pol\u00edtica por los derechos de discapacidad.La secretaria de Jefatura de Gabinete, Mar\u00eda Pascualini, durante una conferencia de prensa que se realiz\u00f3 hoy por la ma\u00f1ana como anuncio de presentaci\u00f3n de la pel\u00edcula, destac\u00f3 que esta iniciativa \u201ces una oportunidad para la ciudad y para la provincia\u201d.Y agradeci\u00f3 la presencia de Bassi en la capital neuquina. \u201cEn tiempos complejos, donde a veces las pol\u00edticas p\u00fablicas vinculadas a discapacidad se diluyen por decisiones pol\u00edticas, en la provincia y en la ciudad esto no ocurre. La discapacidad, desde los diferentes abordajes, necesita de un gobierno y de un Estado presentes\u201d, afirm\u00f3.Adem\u00e1s, cont\u00f3 que cuando Mercedes Lamarca le propuso la proyecci\u00f3n del biodrama, \u201cla respuesta del intendente Mariano Gaido fue inmediata y positiva\u201d. En ese marco, subray\u00f3 la relevancia de la propuesta: \u201cHay muchas familias que atraviesan esta situaci\u00f3n y necesitan no solo del acompa\u00f1amiento del Estado, sino tambi\u00e9n del intercambio con otras experiencias que permitan abrir nuevas miradas y alternativas\u201d.\u201cDesde la Municipalidad de Neuqu\u00e9n, la palabra que nos queda es gracias\u201d, expres\u00f3.Por su parte, Lamarca, referente de la Fundaci\u00f3n La ciudad, valor\u00f3 la presencia de la actriz y sostuvo que \u201ccontar con Valentina en este contexto es un lujo\u201d.Tambi\u00e9n agradeci\u00f3 el acompa\u00f1amiento institucional de la Municipalidad que permiti\u00f3 concretar la actividad y remarc\u00f3 que la artista, como muchas mujeres del pa\u00eds, \u201cha transformado su realidad personal en un proyecto colectivo para visibilizar las problem\u00e1ticas que atraviesan al colectivo de discapacidad\u201d.En esa l\u00ednea, destac\u00f3 el rol del arte y del cine como herramientas para amplificar estos debates: \u201cNos permite visibilizar la emergencia que atraviesa el sector de discapacidad y poner en agenda discusiones necesarias a nivel nacional\u201d.A su turno, Bassi relat\u00f3 el origen del proyecto y se\u00f1al\u00f3 que, en un comienzo, \u201cni siquiera sab\u00edamos si se iba a poder realizar\u201d. Explic\u00f3 que la iniciativa surgi\u00f3 cuando Rosell, padre de Lisandro, le propuso filmarlo: \u201cMe pareci\u00f3 una idea muy \u00edntima, muy nuestra\u201d.Cont\u00f3 que la pel\u00edcula fue financiada con recursos propios: \u201cDesde nuestro rol y nuestra vocaci\u00f3n, sentimos la necesidad de contar lo que nos est\u00e1 pasando\u201d.Sobre el contenido del biodrama, la actriz explic\u00f3 que \u201ces una pel\u00edcula sobre el amor, la familia, la maternidad y el esfuerzo, pero tambi\u00e9n sobre el autismo\u201d. En ese sentido, destac\u00f3 que busca interpelar a un p\u00fablico amplio: \u201cNo est\u00e1 pensada solo para quienes tienen hijos con discapacidad, sino para abrir la mirada y compartir que existen distintas formas de habitar el mundo\u201d.Por \u00faltimo, reflexion\u00f3 sobre su experiencia personal: \u201cComo mam\u00e1, lo m\u00e1s valioso es acompa\u00f1ar a mi hijo en su diferencia. \u00c9l tiene una forma distinta de percibir el mundo y, al acompa\u00f1arlo, yo tambi\u00e9n aprend\u00ed a mirar la vida de otra manera. Eso es algo que se ve en la pel\u00edcula y me encanta poder transmitirlo\u201d.<\/p>\n","protected":false},"excerpt":{"rendered":"<p>lunes 27 de abril de 2026 Este lunes 27 de abril a las 18 se presentar\u00e1 en el Museo Nacional de Bellas Artes el largometraje \u201cPresente Continuo\u201d, dirigido por Ulises Rosell y protagonizado por Valentina Bassi junto a su hijo Lisandro, de 16 a\u00f1os, quien se encuentra dentro del espectro autista.La pel\u00edcula combina ficci\u00f3n y [&hellip;]<\/p>\n","protected":false},"author":1,"featured_media":14708,"comment_status":"","ping_status":"","sticky":false,"template":"","format":"standard","meta":{"_monsterinsights_skip_tracking":false,"_monsterinsights_sitenote_active":false,"_monsterinsights_sitenote_note":"","_monsterinsights_sitenote_category":0,"footnotes":"","jetpack_publicize_message":"","jetpack_publicize_feature_enabled":true,"jetpack_social_post_already_shared":true,"jetpack_social_options":{"image_generator_settings":{"template":"highway","default_image_id":0,"font":"","enabled":false},"version":2}},"categories":[9],"tags":[],"class_list":["post-14707","post","type-post","status-publish","format-standard","has-post-thumbnail","hentry","category-espectaculos-y-moda"],"aioseo_notices":[],"jetpack_publicize_connections":[],"amp_enabled":true,"_links":{"self":[{"href":"https:\/\/noticiasdeangostura.com.ar\/index.php?rest_route=\/wp\/v2\/posts\/14707","targetHints":{"allow":["GET"]}}],"collection":[{"href":"https:\/\/noticiasdeangostura.com.ar\/index.php?rest_route=\/wp\/v2\/posts"}],"about":[{"href":"https:\/\/noticiasdeangostura.com.ar\/index.php?rest_route=\/wp\/v2\/types\/post"}],"author":[{"embeddable":true,"href":"https:\/\/noticiasdeangostura.com.ar\/index.php?rest_route=\/wp\/v2\/users\/1"}],"replies":[{"embeddable":true,"href":"https:\/\/noticiasdeangostura.com.ar\/index.php?rest_route=%2Fwp%2Fv2%2Fcomments&post=14707"}],"version-history":[{"count":0,"href":"https:\/\/noticiasdeangostura.com.ar\/index.php?rest_route=\/wp\/v2\/posts\/14707\/revisions"}],"wp:featuredmedia":[{"embeddable":true,"href":"https:\/\/noticiasdeangostura.com.ar\/index.php?rest_route=\/wp\/v2\/media\/14708"}],"wp:attachment":[{"href":"https:\/\/noticiasdeangostura.com.ar\/index.php?rest_route=%2Fwp%2Fv2%2Fmedia&parent=14707"}],"wp:term":[{"taxonomy":"category","embeddable":true,"href":"https:\/\/noticiasdeangostura.com.ar\/index.php?rest_route=%2Fwp%2Fv2%2Fcategories&post=14707"},{"taxonomy":"post_tag","embeddable":true,"href":"https:\/\/noticiasdeangostura.com.ar\/index.php?rest_route=%2Fwp%2Fv2%2Ftags&post=14707"}],"curies":[{"name":"wp","href":"https:\/\/api.w.org\/{rel}","templated":true}]}}