{"id":14711,"date":"2026-04-27T16:00:05","date_gmt":"2026-04-27T19:00:05","guid":{"rendered":"https:\/\/noticiasdeangostura.com.ar\/?p=14711"},"modified":"2026-04-27T16:00:05","modified_gmt":"2026-04-27T19:00:05","slug":"imputaron-a-un-joven-por-intentar-robarle-a-un-adolescente-que-trabajaba-de-papa-noel","status":"publish","type":"post","link":"https:\/\/noticiasdeangostura.com.ar\/?p=14711","title":{"rendered":"Imputaron a un joven por intentar robarle a un adolescente que trabajaba de Pap\u00e1 Noel"},"content":{"rendered":"<p> <br \/>\n<br \/><\/p>\n<p>El hecho ocurri\u00f3 en Navidad en R\u00edo Negro y la v\u00edctima tiene 14 a\u00f1os. El acusado lo golpe\u00f3 para robarle, pero escap\u00f3 tras la intervenci\u00f3n de vecinos.<\/p>\n<div>\n<p>Cipolletti.- La Justicia de R\u00edo Negro imput\u00f3 a un joven por intentar robarle a un adolescente de 14 a\u00f1os que trabajaba caracterizado como Pap\u00e1 Noel en la previa de Navidad. El hecho ocurri\u00f3 el 24 de diciembre de 2025 y qued\u00f3 caratulado como robo simple en grado de tentativa.<\/p>\n<p>Durante una audiencia realizada este lunes, el Ministerio P\u00fablico Fiscal formul\u00f3 cargos contra el acusado y se dispuso la continuidad de medidas cautelares, entre ellas la prohibici\u00f3n de acercamiento y contacto con la v\u00edctima.<\/p>\n<p class=\"noEditable noticia-relacionada\" data-id=\"332571\"><ampiframe src=\"https:\/\/www.noticiasnqn.com.ar\/api\/noticias\/332571\/relacionadas?amp=1\" layout=\"fixed-height\" sandbox=\"allow-top-navigation allow-top-navigation-by-user-activation allow-scripts \" height=\"100px\"> <b placeholder=\"\">Lee tambi\u00e9n: El BPN aport\u00f3 60 millones de pesos para fortalecer el manejo del fuego en la Patagonia<\/b> <\/ampiframe><\/p>\n<p>Seg\u00fan la acusaci\u00f3n, el episodio ocurri\u00f3 cerca de las 21, cuando el adolescente caminaba vestido de Pap\u00e1 Noel realizando promociones para un comercio.<\/p>\n<p>En ese contexto, fue interceptado por el imputado y otro hombre que circulaban en motocicleta. El agresor le exigi\u00f3 que le entregara regalos y, ante la negativa, lo golpe\u00f3 en el rostro con la intenci\u00f3n de robarle.<\/p>\n<p class=\"noEditable noticia-relacionada\" data-id=\"332586\"><ampiframe src=\"https:\/\/www.noticiasnqn.com.ar\/api\/noticias\/332586\/relacionadas?amp=1\" layout=\"fixed-height\" sandbox=\"allow-top-navigation allow-top-navigation-by-user-activation allow-scripts \" height=\"100px\"> <b placeholder=\"\">Lee tambi\u00e9n: Detectan en Argentina un grupo sangu\u00edneo extremadamente raro y alertan por desaf\u00edos en transfusiones<\/b> <\/ampiframe><\/p>\n<p>El intento de robo no lleg\u00f3 a consumarse porque los gritos del joven alertaron a personas que estaban en la zona, quienes acudieron en su ayuda.<\/p>\n<p>Ante esta situaci\u00f3n, el acusado escap\u00f3 del lugar, aunque fue identificado por testigos, lo que permiti\u00f3 avanzar con la denuncia.<\/p>\n<p>El menor sufri\u00f3 lesiones leves producto de la agresi\u00f3n, seg\u00fan el informe del m\u00e9dico policial.<\/p>\n<p class=\"noEditable noticia-relacionada\" data-id=\"332589\"><ampiframe src=\"https:\/\/www.noticiasnqn.com.ar\/api\/noticias\/332589\/relacionadas?amp=1\" layout=\"fixed-height\" sandbox=\"allow-top-navigation allow-top-navigation-by-user-activation allow-scripts \" height=\"100px\"> <b placeholder=\"\">Lee tambi\u00e9n: Ocho a\u00f1os despu\u00e9s de vender un auto sin transferencia, condenan a su titular por un siniestro<\/b> <\/ampiframe><\/p>\n<p>El sospechoso fue detenido en febrero de este a\u00f1o tras un pedido de captura emitido por la Justicia.<\/p>\n<p>En la audiencia, la fiscal\u00eda solicit\u00f3 mantener las medidas cautelares al considerar riesgos procesales, como posible fuga o entorpecimiento de la investigaci\u00f3n.<\/p>\n<p>La jueza de Garant\u00edas dio por formulados los cargos y habilit\u00f3 la etapa de investigaci\u00f3n por un plazo de cuatro meses.<\/p>\n<p>Medidas cautelares y protecci\u00f3n a la v\u00edctima<\/p>\n<p>Entre las medidas dispuestas, se prorrog\u00f3 la prohibici\u00f3n de acercamiento al adolescente y a su domicilio, as\u00ed como cualquier tipo de contacto.<\/p>\n<p>La defensa del menor acompa\u00f1\u00f3 el planteo de la fiscal\u00eda, mientras que la defensa del imputado no present\u00f3 objeciones a la acusaci\u00f3n ni a la calificaci\u00f3n legal del hecho.<\/p>\n<\/p><\/div>\n","protected":false},"excerpt":{"rendered":"<p>El hecho ocurri\u00f3 en Navidad en R\u00edo Negro y la v\u00edctima tiene 14 a\u00f1os. El acusado lo golpe\u00f3 para robarle, pero escap\u00f3 tras la intervenci\u00f3n de vecinos. Cipolletti.- La Justicia de R\u00edo Negro imput\u00f3 a un joven por intentar robarle a un adolescente de 14 a\u00f1os que trabajaba caracterizado como Pap\u00e1 Noel en la previa [&hellip;]<\/p>\n","protected":false},"author":1,"featured_media":14712,"comment_status":"","ping_status":"","sticky":false,"template":"","format":"standard","meta":{"_monsterinsights_skip_tracking":false,"_monsterinsights_sitenote_active":false,"_monsterinsights_sitenote_note":"","_monsterinsights_sitenote_category":0,"footnotes":"","jetpack_publicize_message":"","jetpack_publicize_feature_enabled":true,"jetpack_social_post_already_shared":true,"jetpack_social_options":{"image_generator_settings":{"template":"highway","default_image_id":0,"font":"","enabled":false},"version":2}},"categories":[1],"tags":[],"class_list":["post-14711","post","type-post","status-publish","format-standard","has-post-thumbnail","hentry","category-ultimas-noticias"],"aioseo_notices":[],"jetpack_publicize_connections":[],"amp_enabled":true,"_links":{"self":[{"href":"https:\/\/noticiasdeangostura.com.ar\/index.php?rest_route=\/wp\/v2\/posts\/14711","targetHints":{"allow":["GET"]}}],"collection":[{"href":"https:\/\/noticiasdeangostura.com.ar\/index.php?rest_route=\/wp\/v2\/posts"}],"about":[{"href":"https:\/\/noticiasdeangostura.com.ar\/index.php?rest_route=\/wp\/v2\/types\/post"}],"author":[{"embeddable":true,"href":"https:\/\/noticiasdeangostura.com.ar\/index.php?rest_route=\/wp\/v2\/users\/1"}],"replies":[{"embeddable":true,"href":"https:\/\/noticiasdeangostura.com.ar\/index.php?rest_route=%2Fwp%2Fv2%2Fcomments&post=14711"}],"version-history":[{"count":0,"href":"https:\/\/noticiasdeangostura.com.ar\/index.php?rest_route=\/wp\/v2\/posts\/14711\/revisions"}],"wp:featuredmedia":[{"embeddable":true,"href":"https:\/\/noticiasdeangostura.com.ar\/index.php?rest_route=\/wp\/v2\/media\/14712"}],"wp:attachment":[{"href":"https:\/\/noticiasdeangostura.com.ar\/index.php?rest_route=%2Fwp%2Fv2%2Fmedia&parent=14711"}],"wp:term":[{"taxonomy":"category","embeddable":true,"href":"https:\/\/noticiasdeangostura.com.ar\/index.php?rest_route=%2Fwp%2Fv2%2Fcategories&post=14711"},{"taxonomy":"post_tag","embeddable":true,"href":"https:\/\/noticiasdeangostura.com.ar\/index.php?rest_route=%2Fwp%2Fv2%2Ftags&post=14711"}],"curies":[{"name":"wp","href":"https:\/\/api.w.org\/{rel}","templated":true}]}}