{"id":14713,"date":"2026-04-27T16:43:54","date_gmt":"2026-04-27T19:43:54","guid":{"rendered":"https:\/\/noticiasdeangostura.com.ar\/?p=14713"},"modified":"2026-04-27T16:43:54","modified_gmt":"2026-04-27T19:43:54","slug":"mas-de-120-mujeres-fortalecen-su-rol-comunitario-en-el-alto-neuquen","status":"publish","type":"post","link":"https:\/\/noticiasdeangostura.com.ar\/?p=14713","title":{"rendered":"M\u00e1s de 120 mujeres fortalecen su rol comunitario en el Alto Neuqu\u00e9n"},"content":{"rendered":"<p> <br \/>\n<br \/><\/p>\n<p>Participaron en Las Ovejas del segundo encuentro regional del programa \u201cNosotras Transformamos\u201d, que se realiz\u00f3 con el objetivo de consolidar redes territoriales y promover la participaci\u00f3n comunitaria.<\/p>\n<div>\n<p>Las Ovejas fue sede del encuentro regional del programa \u201cNosotras Transformamos\u201d. Durante la jornada, la segunda que se realiza en el Alto Neuqu\u00e9n desde la creaci\u00f3n del programa en 2025, las participantes compartieron sus experiencias y proyectos, y avanzaron en la construcci\u00f3n de articulaciones territoriales orientadas a fortalecer la participaci\u00f3n comunitaria y mejorar la calidad de vida de sus vecinas.<\/p>\n<p>El programa \u201cNosotras Transformamos\u201d es impulsado por el Modelo Neuquino, que busca consolidar el rol comunitario de las mujeres a trav\u00e9s de espacios de formaci\u00f3n, el desarrollo de liderazgos y la promoci\u00f3n de instancias de reflexi\u00f3n sobre su protagonismo en el territorio. El primer encuentro regional se llev\u00f3 adelante el a\u00f1o pasado en Chos Malal y, posteriormente, la iniciativa se extendi\u00f3 al resto de las regiones de la provincia, alcanzando hasta el momento a m\u00e1s de 1.500 mujeres.<\/p>\n<p>Durante este a\u00f1o, la propuesta pone el foco en el fortalecimiento de las redes comunitarias y en la generaci\u00f3n de herramientas que las participantes puedan replicar en sus localidades, especialmente para la conformaci\u00f3n de C\u00edrculos de Mujeres. Estos espacios abiertos est\u00e1n pensados para brindar acompa\u00f1amiento y contenci\u00f3n. En los pr\u00f3ximos meses, los encuentros continuar\u00e1n en distintas regiones neuquinas y se culminar\u00e1 con una instancia provincial hacia fin de a\u00f1o.<\/p>\n<p>La secretaria de Mujeres y Diversidad, <strong>Lorena Barabini<\/strong>, y la subsecretaria <strong>Karina Montecinos<\/strong> encabezaron la apertura del encuentro y destacaron la amplia participaci\u00f3n de mujeres del norte neuquino. En ese sentido, se\u00f1alaron que el esfuerzo del gobierno provincial por llegar con obras a cada localidad debe complementarse con una sociedad civil activa y comprometida con el bienestar colectivo, en l\u00ednea con los objetivos de estos espacios.<\/p>\n<\/p><\/div>\n<p><script type=\"738e08967d95684772963716-text\/javascript\">\n    window.addEventListener('load', () => {\n        if (typeof FB !== 'undefined' && FB.init) {\n            \/\/ La SDK de Facebook est\u00e1 inicializada\n        } else {\n            \/\/ La SDK de Facebook no est\u00e1 inicializada\n            var script = document.createElement('script');\n            script.async = true;\n            script.defer = true;\n            script.crossOrigin = 'anonymous';\n            script.src=\"https:\/\/connect.facebook.net\/es_LA\/sdk.js#xfbml=1&version=v17.0&appId=868452105110858&autoLogAppEvents=1\";\n            script.nonce=\"eBgX2sTe\";\n            document.head.appendChild(script);\n        }\n        \/* FIX YOUTUBE (fix width) *\/\n        var youtubeIframes = document.querySelectorAll('iframe[src*=\"youtube.com\/embed\"]');\n        youtubeIframes.forEach(function(iframe) {\n            var containerWidth = iframe.parentElement.clientWidth || iframe.parentElement.offsetWidth;\n            if(containerWidth && iframe.width > containerWidth){\n                iframe.width = containerWidth;\n                iframe.height = (containerWidth \/ 16) * 9; \/\/ Assuming a 16:9 aspect ratio\n            }\n        });\n    });\n<\/script><script type=\"738e08967d95684772963716-text\/javascript\">\n        window.addEventListener('load', () => {\n            if (typeof FB !== 'undefined' && FB.init) {\n                \/\/ La SDK de Facebook est\u00e1 inicializada\n            } else {\n                \/\/ La SDK de Facebook no est\u00e1 inicializada\n                var script = document.createElement('script');\n                script.async = true;\n                script.defer = true;\n                script.crossOrigin = 'anonymous';\n                script.src=\"https:\/\/connect.facebook.net\/es_LA\/sdk.js#xfbml=1&version=v17.0&appId=868452105110858&autoLogAppEvents=1\";\n                script.nonce=\"eBgX2sTe\";\n                document.head.appendChild(script);\n            }\n        });\n<\/script><\/p>\n","protected":false},"excerpt":{"rendered":"<p>Participaron en Las Ovejas del segundo encuentro regional del programa \u201cNosotras Transformamos\u201d, que se realiz\u00f3 con el objetivo de consolidar redes territoriales y promover la participaci\u00f3n comunitaria. Las Ovejas fue sede del encuentro regional del programa \u201cNosotras Transformamos\u201d. Durante la jornada, la segunda que se realiza en el Alto Neuqu\u00e9n desde la creaci\u00f3n del programa [&hellip;]<\/p>\n","protected":false},"author":1,"featured_media":14714,"comment_status":"","ping_status":"","sticky":false,"template":"","format":"standard","meta":{"_monsterinsights_skip_tracking":false,"_monsterinsights_sitenote_active":false,"_monsterinsights_sitenote_note":"","_monsterinsights_sitenote_category":0,"footnotes":"","jetpack_publicize_message":"","jetpack_publicize_feature_enabled":true,"jetpack_social_post_already_shared":true,"jetpack_social_options":{"image_generator_settings":{"template":"highway","default_image_id":0,"font":"","enabled":false},"version":2}},"categories":[4],"tags":[104,934,521,115,397,21,2533],"class_list":["post-14713","post","type-post","status-publish","format-standard","has-post-thumbnail","hentry","category-regionales","tag-alto","tag-comunitario","tag-fortalecen","tag-mas","tag-mujeres","tag-neuquen","tag-rol"],"aioseo_notices":[],"jetpack_publicize_connections":[],"amp_enabled":true,"_links":{"self":[{"href":"https:\/\/noticiasdeangostura.com.ar\/index.php?rest_route=\/wp\/v2\/posts\/14713","targetHints":{"allow":["GET"]}}],"collection":[{"href":"https:\/\/noticiasdeangostura.com.ar\/index.php?rest_route=\/wp\/v2\/posts"}],"about":[{"href":"https:\/\/noticiasdeangostura.com.ar\/index.php?rest_route=\/wp\/v2\/types\/post"}],"author":[{"embeddable":true,"href":"https:\/\/noticiasdeangostura.com.ar\/index.php?rest_route=\/wp\/v2\/users\/1"}],"replies":[{"embeddable":true,"href":"https:\/\/noticiasdeangostura.com.ar\/index.php?rest_route=%2Fwp%2Fv2%2Fcomments&post=14713"}],"version-history":[{"count":0,"href":"https:\/\/noticiasdeangostura.com.ar\/index.php?rest_route=\/wp\/v2\/posts\/14713\/revisions"}],"wp:featuredmedia":[{"embeddable":true,"href":"https:\/\/noticiasdeangostura.com.ar\/index.php?rest_route=\/wp\/v2\/media\/14714"}],"wp:attachment":[{"href":"https:\/\/noticiasdeangostura.com.ar\/index.php?rest_route=%2Fwp%2Fv2%2Fmedia&parent=14713"}],"wp:term":[{"taxonomy":"category","embeddable":true,"href":"https:\/\/noticiasdeangostura.com.ar\/index.php?rest_route=%2Fwp%2Fv2%2Fcategories&post=14713"},{"taxonomy":"post_tag","embeddable":true,"href":"https:\/\/noticiasdeangostura.com.ar\/index.php?rest_route=%2Fwp%2Fv2%2Ftags&post=14713"}],"curies":[{"name":"wp","href":"https:\/\/api.w.org\/{rel}","templated":true}]}}