{"id":14715,"date":"2026-04-27T17:47:31","date_gmt":"2026-04-27T20:47:31","guid":{"rendered":"https:\/\/noticiasdeangostura.com.ar\/?p=14715"},"modified":"2026-04-27T17:47:31","modified_gmt":"2026-04-27T20:47:31","slug":"kicillof-insiste-en-construir-un-frente-amplio-que-se-oponga-a-las-politicas-de-javier-milei","status":"publish","type":"post","link":"https:\/\/noticiasdeangostura.com.ar\/?p=14715","title":{"rendered":"Kicillof insiste en construir un frente amplio \u00abque se oponga a las pol\u00edticas de Javier Milei\u00bb"},"content":{"rendered":"<p> <br \/>\n<br \/><br \/>Para el funcionario, la construcci\u00f3n opositora debe tener dos pilares: resistir las pol\u00edticas del oficialismo y, al mismo tiempo, ofrecer una propuesta superadora.<br \/>\n    En un clima pol\u00edtico cada vez m\u00e1s tenso y con las elecciones presidenciales de 2027 en el horizonte, la discusi\u00f3n sobre c\u00f3mo enfrentar las pol\u00edticas del presidente Javier Milei est\u00e1 en el centro de la escena en la provincia de Buenos Aires. Dos importantes figuras del gobierno provincial, Carlos Bianco, ministro de Gobierno, y Andr\u00e9s &#8216;Cuervo&#8217; Larroque, ministro de Desarrollo de la Comunidad, han reiterado la necesidad de consolidar un frente peronista que act\u00fae como contrapeso a las medidas del oficialismo actual. Lee tambi\u00e9n: Axel Kicillof en Espa\u00f1a: entre la b\u00fasqueda de inversiones y el mensaje pol\u00edtico a Milei Durante la habitual conferencia de prensa ofrecida desde la gobernaci\u00f3n bonaerense, ambos ministros enfatizaron la urgencia de construir una coalici\u00f3n pol\u00edtica que, a diferencia de lo que plantea el diputado nacional M\u00e1ximo Kirchner, no solo se defina por su oposici\u00f3n a Milei, sino que adem\u00e1s proponga soluciones significativas para los desaf\u00edos que enfrenta Argentina. Carlos Bianco sugiri\u00f3 que el nombre del frente es lo de menos; lo verdaderamente crucial es que se estructure en torno a pol\u00edticas que hagan frente a las direcciones que ha tomado el gobierno nacional. Bianco explic\u00f3 que para lograr esta formaci\u00f3n opositora efectiva, es fundamental no solo resistir, sino tambi\u00e9n presentar alternativas viables que generen esperanza en un contexto de dificultades. En su exposici\u00f3n, resalt\u00f3 la importancia de establecer consensos b\u00e1sicos que incluya la defensa de los intereses nacionales, el fortalecimiento de la democracia y derechos humanos, la inversi\u00f3n cient\u00edfica, tecnol\u00f3gica y la valorizaci\u00f3n del trabajo y la industria local.Por su parte, Andr\u00e9s Larroque, sin rodeos pero con firmeza en su postura, apoy\u00f3 la idea de unir diversas fuerzas como el \u00fanico camino posible para prevalecer electoralmente en el futuro. Para \u00e9l, la uni\u00f3n de distintos sectores es clave, y la superaci\u00f3n de divisiones internas se torna fundamental. La amplitud en la convocatoria no es solo una estrategia opcional, sino una obligaci\u00f3n para forjar una oposici\u00f3n s\u00f3lida ante el gobierno actual.Este llamado a la unidad surge en un contexto donde las tensiones pol\u00edticas se agudizan y la dirigencia busca definir su estrategia en un mapa pol\u00edtico donde la incertidumbre domina el escenario. Con apuestas en juego que definir\u00e1n el futuro del pa\u00eds, la propuesta lanzada por Bianco y Larroque busca abrir un espacio de di\u00e1logo inclusivo que, aunque partiendo desde un n\u00facleo duro del peronismo, no se cierre a la incorporaci\u00f3n de sectores cuyo compromiso con principios b\u00e1sicos como la democracia y la justicia social, confluyan en vistas a las pr\u00f3ximas elecciones generales.<\/p>\n","protected":false},"excerpt":{"rendered":"<p>Para el funcionario, la construcci\u00f3n opositora debe tener dos pilares: resistir las pol\u00edticas del oficialismo y, al mismo tiempo, ofrecer una propuesta superadora. En un clima pol\u00edtico cada vez m\u00e1s tenso y con las elecciones presidenciales de 2027 en el horizonte, la discusi\u00f3n sobre c\u00f3mo enfrentar las pol\u00edticas del presidente Javier Milei est\u00e1 en el [&hellip;]<\/p>\n","protected":false},"author":1,"featured_media":14716,"comment_status":"","ping_status":"","sticky":false,"template":"","format":"standard","meta":{"_monsterinsights_skip_tracking":false,"_monsterinsights_sitenote_active":false,"_monsterinsights_sitenote_note":"","_monsterinsights_sitenote_category":0,"footnotes":"","jetpack_publicize_message":"","jetpack_publicize_feature_enabled":true,"jetpack_social_post_already_shared":true,"jetpack_social_options":{"image_generator_settings":{"template":"highway","default_image_id":0,"font":"","enabled":false},"version":2}},"categories":[5],"tags":[],"class_list":["post-14715","post","type-post","status-publish","format-standard","has-post-thumbnail","hentry","category-politica"],"aioseo_notices":[],"jetpack_publicize_connections":[],"amp_enabled":true,"_links":{"self":[{"href":"https:\/\/noticiasdeangostura.com.ar\/index.php?rest_route=\/wp\/v2\/posts\/14715","targetHints":{"allow":["GET"]}}],"collection":[{"href":"https:\/\/noticiasdeangostura.com.ar\/index.php?rest_route=\/wp\/v2\/posts"}],"about":[{"href":"https:\/\/noticiasdeangostura.com.ar\/index.php?rest_route=\/wp\/v2\/types\/post"}],"author":[{"embeddable":true,"href":"https:\/\/noticiasdeangostura.com.ar\/index.php?rest_route=\/wp\/v2\/users\/1"}],"replies":[{"embeddable":true,"href":"https:\/\/noticiasdeangostura.com.ar\/index.php?rest_route=%2Fwp%2Fv2%2Fcomments&post=14715"}],"version-history":[{"count":0,"href":"https:\/\/noticiasdeangostura.com.ar\/index.php?rest_route=\/wp\/v2\/posts\/14715\/revisions"}],"wp:featuredmedia":[{"embeddable":true,"href":"https:\/\/noticiasdeangostura.com.ar\/index.php?rest_route=\/wp\/v2\/media\/14716"}],"wp:attachment":[{"href":"https:\/\/noticiasdeangostura.com.ar\/index.php?rest_route=%2Fwp%2Fv2%2Fmedia&parent=14715"}],"wp:term":[{"taxonomy":"category","embeddable":true,"href":"https:\/\/noticiasdeangostura.com.ar\/index.php?rest_route=%2Fwp%2Fv2%2Fcategories&post=14715"},{"taxonomy":"post_tag","embeddable":true,"href":"https:\/\/noticiasdeangostura.com.ar\/index.php?rest_route=%2Fwp%2Fv2%2Ftags&post=14715"}],"curies":[{"name":"wp","href":"https:\/\/api.w.org\/{rel}","templated":true}]}}