{"id":14727,"date":"2026-04-27T18:45:47","date_gmt":"2026-04-27T21:45:47","guid":{"rendered":"https:\/\/noticiasdeangostura.com.ar\/?p=14727"},"modified":"2026-04-27T18:45:47","modified_gmt":"2026-04-27T21:45:47","slug":"aprueban-la-creacion-del-anexo-de-formacion-profesional-en-los-catutos","status":"publish","type":"post","link":"https:\/\/noticiasdeangostura.com.ar\/?p=14727","title":{"rendered":"Aprueban la creaci\u00f3n del Anexo de Formaci\u00f3n Profesional en Los Catutos"},"content":{"rendered":"<p> <br \/>\n<br \/><\/p>\n<p>El Cuerpo Colegiado del Consejo Provincial de Educaci\u00f3n aprob\u00f3 hoy por unanimidad la creaci\u00f3n del Anexo Los Catutos del Centro de Formaci\u00f3n Profesional N\u00b0 33 de Mariano Moreno, a partir de la planta funcional del Centro Artesanal con el que cont\u00f3 hasta hoy la localidad.<\/p>\n<div>\n<p>El nuevo Anexo de Los Catutos, contar\u00e1 en forma inicial con dos cargos de Maestro de Ense\u00f1anza Pr\u00e1ctica Educaci\u00f3n Permanente, orientado a trayectos formativos de telar mapuche; \u201cla idea es poder a partir de la creaci\u00f3n dar respuesta a otros oficios que necesita la comunidad\u201d, destac\u00f3 la directora de Formaci\u00f3n Profesional del CPE, Paula Machado.<\/p>\n<p>La referente detall\u00f3 que \u201cen el marco de la reorganizaci\u00f3n, actualizaci\u00f3n y ordenamiento de los centros de formaci\u00f3n profesional de la provincia que estamos llevando adelante, era necesario que los trayectos formativos que se dictaban en Los Catutos dependieran de un Anexo de un CFP, como ocurrir\u00e1 a partir de ahora, para mejorar las propuestas de capacitaci\u00f3n; as\u00ed como para recibir insumos necesarios y partidas de refrigerio correspondientes para su adecuado funcionamiento\u201d.<\/p>\n<p>Machado valor\u00f3 el proceso que se lleva adelante con esta y otras instituciones, y explic\u00f3 que \u201chace veinte a\u00f1os que no se hac\u00edan actualizaciones de los trayectos de formaci\u00f3n que requer\u00edan las comunidades de las distintas regiones de nuestra provincia, a pesar de los innumerables pedidos que las localidades formulaban\u201d.<\/p>\n<p>\u201cEsta profundizaci\u00f3n de acciones se vincula a la puesta en valor de la formaci\u00f3n profesional y a los requerimientos que hacen a un nuevo dise\u00f1o y desarrollo productivo impulsado desde esta gesti\u00f3n del gobierno provincial; luchando contra injusticias hist\u00f3ricas que hacen a las oportunidades para todos y todas las neuquinas a lo largo que habitan distintas regiones de la provincia\u201d, sostuvo.<\/p>\n<p>\u201cEstamos saliendo al territorio, analizando las necesidades y haciendo diagn\u00f3sticos para poder acompa\u00f1ar el crecimiento y fortalecimiento federal de nuestras comunidades; reordenamos los recursos con los que contamos para redistribuir espacios de capacitaci\u00f3n vinculados a esos requerimientos de desarrollo\u201d, remarc\u00f3 la referente del \u00e1rea del CPE.<\/p>\n<p>La sesi\u00f3n de hoy del Cuerpo Colegiado, presidida por Glenda Temi, cont\u00f3 con la presencia de los vocales en representaci\u00f3n del Poder Ejecutivo por el Nivel Inicial y Primario, Leandro Policani, y por la Rama Media, T\u00e9cnica y Superior, Gast\u00f3n Arana; y de las nuevas vocales en representaci\u00f3n docente por el Nivel Inicial y Primario, Marcela Correa; y del nivel Medio, T\u00e9cnico y Superior, Mar\u00eda Luj\u00e1n No\u00e9, junto al vocal por la Comunidad, Emiliano Garay.<\/p>\n<p>\u00a0<\/p>\n<\/p><\/div>\n<p><script type=\"ed7c985e3fa39fcfdaab3fab-text\/javascript\">\n    window.addEventListener('load', () => {\n        if (typeof FB !== 'undefined' && FB.init) {\n            \/\/ La SDK de Facebook est\u00e1 inicializada\n        } else {\n            \/\/ La SDK de Facebook no est\u00e1 inicializada\n            var script = document.createElement('script');\n            script.async = true;\n            script.defer = true;\n            script.crossOrigin = 'anonymous';\n            script.src=\"https:\/\/connect.facebook.net\/es_LA\/sdk.js#xfbml=1&version=v17.0&appId=868452105110858&autoLogAppEvents=1\";\n            script.nonce=\"eBgX2sTe\";\n            document.head.appendChild(script);\n        }\n        \/* FIX YOUTUBE (fix width) *\/\n        var youtubeIframes = document.querySelectorAll('iframe[src*=\"youtube.com\/embed\"]');\n        youtubeIframes.forEach(function(iframe) {\n            var containerWidth = iframe.parentElement.clientWidth || iframe.parentElement.offsetWidth;\n            if(containerWidth && iframe.width > containerWidth){\n                iframe.width = containerWidth;\n                iframe.height = (containerWidth \/ 16) * 9; \/\/ Assuming a 16:9 aspect ratio\n            }\n        });\n    });\n<\/script><\/p>\n","protected":false},"excerpt":{"rendered":"<p>El Cuerpo Colegiado del Consejo Provincial de Educaci\u00f3n aprob\u00f3 hoy por unanimidad la creaci\u00f3n del Anexo Los Catutos del Centro de Formaci\u00f3n Profesional N\u00b0 33 de Mariano Moreno, a partir de la planta funcional del Centro Artesanal con el que cont\u00f3 hasta hoy la localidad. El nuevo Anexo de Los Catutos, contar\u00e1 en forma inicial [&hellip;]<\/p>\n","protected":false},"author":1,"featured_media":14728,"comment_status":"","ping_status":"","sticky":false,"template":"","format":"standard","meta":{"_monsterinsights_skip_tracking":false,"_monsterinsights_sitenote_active":false,"_monsterinsights_sitenote_note":"","_monsterinsights_sitenote_category":0,"footnotes":"","jetpack_publicize_message":"","jetpack_publicize_feature_enabled":true,"jetpack_social_post_already_shared":true,"jetpack_social_options":{"image_generator_settings":{"template":"highway","default_image_id":0,"font":"","enabled":false},"version":2}},"categories":[4],"tags":[2535,2534,2537,1696,29,1155,16,2536],"class_list":["post-14727","post","type-post","status-publish","format-standard","has-post-thumbnail","hentry","category-regionales","tag-anexo","tag-aprueban","tag-catutos","tag-creacion","tag-del","tag-formacion","tag-los","tag-profesional"],"aioseo_notices":[],"jetpack_publicize_connections":[],"amp_enabled":true,"_links":{"self":[{"href":"https:\/\/noticiasdeangostura.com.ar\/index.php?rest_route=\/wp\/v2\/posts\/14727","targetHints":{"allow":["GET"]}}],"collection":[{"href":"https:\/\/noticiasdeangostura.com.ar\/index.php?rest_route=\/wp\/v2\/posts"}],"about":[{"href":"https:\/\/noticiasdeangostura.com.ar\/index.php?rest_route=\/wp\/v2\/types\/post"}],"author":[{"embeddable":true,"href":"https:\/\/noticiasdeangostura.com.ar\/index.php?rest_route=\/wp\/v2\/users\/1"}],"replies":[{"embeddable":true,"href":"https:\/\/noticiasdeangostura.com.ar\/index.php?rest_route=%2Fwp%2Fv2%2Fcomments&post=14727"}],"version-history":[{"count":0,"href":"https:\/\/noticiasdeangostura.com.ar\/index.php?rest_route=\/wp\/v2\/posts\/14727\/revisions"}],"wp:featuredmedia":[{"embeddable":true,"href":"https:\/\/noticiasdeangostura.com.ar\/index.php?rest_route=\/wp\/v2\/media\/14728"}],"wp:attachment":[{"href":"https:\/\/noticiasdeangostura.com.ar\/index.php?rest_route=%2Fwp%2Fv2%2Fmedia&parent=14727"}],"wp:term":[{"taxonomy":"category","embeddable":true,"href":"https:\/\/noticiasdeangostura.com.ar\/index.php?rest_route=%2Fwp%2Fv2%2Fcategories&post=14727"},{"taxonomy":"post_tag","embeddable":true,"href":"https:\/\/noticiasdeangostura.com.ar\/index.php?rest_route=%2Fwp%2Fv2%2Ftags&post=14727"}],"curies":[{"name":"wp","href":"https:\/\/api.w.org\/{rel}","templated":true}]}}