{"id":14729,"date":"2026-04-27T19:49:11","date_gmt":"2026-04-27T22:49:11","guid":{"rendered":"https:\/\/noticiasdeangostura.com.ar\/?p=14729"},"modified":"2026-04-27T19:49:11","modified_gmt":"2026-04-27T22:49:11","slug":"la-mesa-politica-decidio-que-el-gabinete-acompane-la-presentacion-de-adorni-en-diputados","status":"publish","type":"post","link":"https:\/\/noticiasdeangostura.com.ar\/?p=14729","title":{"rendered":"La mesa pol\u00edtica decidi\u00f3 que el Gabinete acompa\u00f1e la presentaci\u00f3n de Adorni en Diputados"},"content":{"rendered":"<p> <br \/>\n<br \/><br \/>El encuentro fue encabezado por Karina Milei y el jefe de ministros.La reuni\u00f3n se extendi\u00f3 por alrededor de dos horas.<br \/>\n    La mesa pol\u00edtica del Gobierno se reuni\u00f3 este lunes para ordenar la estrategia legislativa y la presentaci\u00f3n de Manuel Adorni ante la C\u00e1mara de Diputados, que llega en medio de la investigaci\u00f3n judicial por su patrimonio. Se defini\u00f3 que a la exposici\u00f3n del jefe de Gabinete vayan Javier Milei, su hermana Karina y algunos ministros. Al momento, los confirmados son: el ministro de Desregulaci\u00f3n, Federico Sturzenegger, Alejandra Monteoliva (Seguridad) y Sandra Pettovello (Capital Humano). Lee tambi\u00e9n: La CGT pidi\u00f3 apartar a los camaristas que restablecieron la vigencia de la reforma laboral  La reuni\u00f3n inici\u00f3 a las 14 en la Casa Rosada y se extendi\u00f3 durante alrededor de dos horas. Uno de los temas centrales fue el informe de gesti\u00f3n de Adorni. Deber\u00e1 responder alrededor de 2100 preguntas de los diputados (llegaron m\u00e1s de 4000, pero se filtr\u00f3 la mitad para evitar repeticiones), de las cuales 66 est\u00e1n vinculadas a la causa que lo tiene como protagonista.El Ejecutivo utilizar\u00e1 la oportunidad para dejar en claro \u201cel respaldo de todo el Gobierno al jefe de Gabinete\u201d. En ese sentido, la estrategia oficialista prev\u00e9 la presencia de ministros, de Milei y de la secretaria General de la Presidencia. \u201cVoy a estar ah\u00ed. Voy a ir a escuchar a mi jefe de Gabinete\u201d, ratific\u00f3 el mandatario la semana pasada.La nueva edici\u00f3n de la mesa pol\u00edtica tambi\u00e9n se dedic\u00f3 a hacer un seguimiento a todos los proyectos que el oficialismo empuja en ambas c\u00e1maras del Congreso. Eso incluye la reforma electoral enviada la semana pasada, un proyecto amplio que incluye la eliminaci\u00f3n de las PASO, Ficha Limpia y cambios en el financiamiento de los partidos.Adem\u00e1s de proyectos pendientes como la reforma del C\u00f3digo Penal \u2014todav\u00eda en elaboraci\u00f3n\u2014, la Casa Rosada debe enfrentar dos espacios de conflicto que involucran a la Justicia: el que tiene por la reforma universitaria y la ley de discapacidad.En ambos casos, el Gobierno se neg\u00f3 a aplicar las leyes aprobadas el a\u00f1o pasado. El argumento fue que las normas disponen un incremento presupuestario, pero no aclaran el origen de los fondos. Sin embargo, la Justicia rechaz\u00f3 ambos planteos y orden\u00f3 la aplicaci\u00f3n inmediata. El Ejecutivo apel\u00f3 ante la Corte Suprema para ganar tiempo y present\u00f3 dos proyectos propios para modificar el impacto fiscal de las normas.<\/p>\n","protected":false},"excerpt":{"rendered":"<p>El encuentro fue encabezado por Karina Milei y el jefe de ministros.La reuni\u00f3n se extendi\u00f3 por alrededor de dos horas. La mesa pol\u00edtica del Gobierno se reuni\u00f3 este lunes para ordenar la estrategia legislativa y la presentaci\u00f3n de Manuel Adorni ante la C\u00e1mara de Diputados, que llega en medio de la investigaci\u00f3n judicial por su [&hellip;]<\/p>\n","protected":false},"author":1,"featured_media":14730,"comment_status":"","ping_status":"","sticky":false,"template":"","format":"standard","meta":{"_monsterinsights_skip_tracking":false,"_monsterinsights_sitenote_active":false,"_monsterinsights_sitenote_note":"","_monsterinsights_sitenote_category":0,"footnotes":"","jetpack_publicize_message":"","jetpack_publicize_feature_enabled":true,"jetpack_social_post_already_shared":true,"jetpack_social_options":{"image_generator_settings":{"template":"highway","default_image_id":0,"font":"","enabled":false},"version":2}},"categories":[5],"tags":[],"class_list":["post-14729","post","type-post","status-publish","format-standard","has-post-thumbnail","hentry","category-politica"],"aioseo_notices":[],"jetpack_publicize_connections":[],"amp_enabled":true,"_links":{"self":[{"href":"https:\/\/noticiasdeangostura.com.ar\/index.php?rest_route=\/wp\/v2\/posts\/14729","targetHints":{"allow":["GET"]}}],"collection":[{"href":"https:\/\/noticiasdeangostura.com.ar\/index.php?rest_route=\/wp\/v2\/posts"}],"about":[{"href":"https:\/\/noticiasdeangostura.com.ar\/index.php?rest_route=\/wp\/v2\/types\/post"}],"author":[{"embeddable":true,"href":"https:\/\/noticiasdeangostura.com.ar\/index.php?rest_route=\/wp\/v2\/users\/1"}],"replies":[{"embeddable":true,"href":"https:\/\/noticiasdeangostura.com.ar\/index.php?rest_route=%2Fwp%2Fv2%2Fcomments&post=14729"}],"version-history":[{"count":0,"href":"https:\/\/noticiasdeangostura.com.ar\/index.php?rest_route=\/wp\/v2\/posts\/14729\/revisions"}],"wp:featuredmedia":[{"embeddable":true,"href":"https:\/\/noticiasdeangostura.com.ar\/index.php?rest_route=\/wp\/v2\/media\/14730"}],"wp:attachment":[{"href":"https:\/\/noticiasdeangostura.com.ar\/index.php?rest_route=%2Fwp%2Fv2%2Fmedia&parent=14729"}],"wp:term":[{"taxonomy":"category","embeddable":true,"href":"https:\/\/noticiasdeangostura.com.ar\/index.php?rest_route=%2Fwp%2Fv2%2Fcategories&post=14729"},{"taxonomy":"post_tag","embeddable":true,"href":"https:\/\/noticiasdeangostura.com.ar\/index.php?rest_route=%2Fwp%2Fv2%2Ftags&post=14729"}],"curies":[{"name":"wp","href":"https:\/\/api.w.org\/{rel}","templated":true}]}}