{"id":14731,"date":"2026-04-27T19:50:18","date_gmt":"2026-04-27T22:50:18","guid":{"rendered":"https:\/\/noticiasdeangostura.com.ar\/?p=14731"},"modified":"2026-04-27T19:50:18","modified_gmt":"2026-04-27T22:50:18","slug":"vendio-un-auto-sin-transferir-y-ocho-anos-despues-fue-condenada-por-un-siniestro-vial","status":"publish","type":"post","link":"https:\/\/noticiasdeangostura.com.ar\/?p=14731","title":{"rendered":"Vendi\u00f3 un auto sin transferir y ocho a\u00f1os despu\u00e9s fue condenada por un siniestro vial"},"content":{"rendered":"<p> <br \/>\n<br \/><\/p>\n<p>La Justicia Civil de Neuqu\u00e9n conden\u00f3 al conductor y a la titular registral de un autom\u00f3vil a indemnizar a un ciclista que sufri\u00f3 graves lesiones. La jueza sostuvo que la propietaria no realiz\u00f3 la denuncia de venta ni regulariz\u00f3 la situaci\u00f3n del veh\u00edculo.<\/p>\n<p>La jueza consider\u00f3 que la propietaria tuvo \u201cuna actitud omisiva respecto de la regularizaci\u00f3n del veh\u00edculo\u201d.<\/p>\n<div>\n<p>La <strong>Justicia Civil de <a href=\"https:\/\/www.amcumbre.com\/\">Neuqu\u00e9n<\/a> conden\u00f3 al conductor y a la titular registral de un autom\u00f3vil a indemnizar a un ciclista que sufri\u00f3 graves lesiones <\/strong>en un siniestro vial ocurrido en 2022, en la intersecci\u00f3n de Avenida Argentina y Albard\u00f3n, en la ciudad de Neuqu\u00e9n.<\/p>\n<p>La sentencia fue dictada por la jueza civil Mar\u00eda Eliana Reynals, quien atribuy\u00f3 la responsabilidad del hecho al conductor del auto. Seg\u00fan la pericia accidentol\u00f3gica incorporada al expediente,<strong> el automovilista no cedi\u00f3 el paso a la bicicleta, que circulaba por su derecha y ten\u00eda prioridad de paso.<\/strong><\/p>\n<p>\u201cCorresponde atribuir la responsabilidad exclusiva en el accidente al demandado, en su calidad de conductor del veh\u00edculo mayor\u201d, sostuvo la magistrada en el fallo. Como consecuencia del impacto,<strong> el ciclista perdi\u00f3 el conocimiento, <\/strong>sufri\u00f3 lesiones de consideraci\u00f3n y tuvo la destrucci\u00f3n total de su bicicleta.<\/p>\n<p>Uno de los puntos centrales del caso fue la responsabilidad de la titular registral del veh\u00edculo. La mujer hab\u00eda vendido el auto en 2014 <strong>mediante boleto de compraventa<\/strong>, pero no realiz\u00f3 la transferencia ni la denuncia de venta ante el Registro Automotor.<\/p>\n<h2>La argumentaci\u00f3n<\/h2>\n<p>La jueza consider\u00f3 que <strong>la propietaria tuvo \u201cuna actitud omisiva respecto de la regularizaci\u00f3n del veh\u00edculo\u201d<\/strong> y que, por esa raz\u00f3n, deb\u00eda responder por \u201clos da\u00f1os causados por el riesgo o vicio de la cosa\u201d. En el fallo, remarc\u00f3 que la denuncia de venta es el mecanismo previsto para eximirse de responsabilidad frente a terceros.<\/p>\n<p>\u201cPara eximirse de responsabilidad se debe realizar el tr\u00e1mite de denuncia de venta ante el registro, el cual importar\u00e1 la inmediata revocaci\u00f3n de la autorizaci\u00f3n para circular a quien lo hubiera adquirido\u201d, se\u00f1al\u00f3 Reynals. La magistrada advirti\u00f3 que la demandada no hizo ese tr\u00e1mite durante los casi ocho a\u00f1os transcurridos entre la venta del veh\u00edculo y el siniestro.<\/p>\n<p>El fallo tambi\u00e9n analiz\u00f3 que<strong> el ciclista no llevaba casco al momento del hecho.<\/strong> Sin embargo, la jueza indic\u00f3 que esa circunstancia \u201cno constituye un eximente de responsabilidad ni altera la relaci\u00f3n causal\u201d, porque la falta de casco puede incidir en la magnitud de las lesiones, pero no en la producci\u00f3n del accidente.<\/p>\n<p>\u00a0<\/p>\n<\/p><\/div>\n","protected":false},"excerpt":{"rendered":"<p>La Justicia Civil de Neuqu\u00e9n conden\u00f3 al conductor y a la titular registral de un autom\u00f3vil a indemnizar a un ciclista que sufri\u00f3 graves lesiones. La jueza sostuvo que la propietaria no realiz\u00f3 la denuncia de venta ni regulariz\u00f3 la situaci\u00f3n del veh\u00edculo. La jueza consider\u00f3 que la propietaria tuvo \u201cuna actitud omisiva respecto de [&hellip;]<\/p>\n","protected":false},"author":1,"featured_media":14732,"comment_status":"","ping_status":"","sticky":false,"template":"","format":"standard","meta":{"_monsterinsights_skip_tracking":false,"_monsterinsights_sitenote_active":false,"_monsterinsights_sitenote_note":"","_monsterinsights_sitenote_category":0,"footnotes":"","jetpack_publicize_message":"","jetpack_publicize_feature_enabled":true,"jetpack_social_post_already_shared":true,"jetpack_social_options":{"image_generator_settings":{"template":"highway","default_image_id":0,"font":"","enabled":false},"version":2}},"categories":[1],"tags":[],"class_list":["post-14731","post","type-post","status-publish","format-standard","has-post-thumbnail","hentry","category-ultimas-noticias"],"aioseo_notices":[],"jetpack_publicize_connections":[],"amp_enabled":true,"_links":{"self":[{"href":"https:\/\/noticiasdeangostura.com.ar\/index.php?rest_route=\/wp\/v2\/posts\/14731","targetHints":{"allow":["GET"]}}],"collection":[{"href":"https:\/\/noticiasdeangostura.com.ar\/index.php?rest_route=\/wp\/v2\/posts"}],"about":[{"href":"https:\/\/noticiasdeangostura.com.ar\/index.php?rest_route=\/wp\/v2\/types\/post"}],"author":[{"embeddable":true,"href":"https:\/\/noticiasdeangostura.com.ar\/index.php?rest_route=\/wp\/v2\/users\/1"}],"replies":[{"embeddable":true,"href":"https:\/\/noticiasdeangostura.com.ar\/index.php?rest_route=%2Fwp%2Fv2%2Fcomments&post=14731"}],"version-history":[{"count":0,"href":"https:\/\/noticiasdeangostura.com.ar\/index.php?rest_route=\/wp\/v2\/posts\/14731\/revisions"}],"wp:featuredmedia":[{"embeddable":true,"href":"https:\/\/noticiasdeangostura.com.ar\/index.php?rest_route=\/wp\/v2\/media\/14732"}],"wp:attachment":[{"href":"https:\/\/noticiasdeangostura.com.ar\/index.php?rest_route=%2Fwp%2Fv2%2Fmedia&parent=14731"}],"wp:term":[{"taxonomy":"category","embeddable":true,"href":"https:\/\/noticiasdeangostura.com.ar\/index.php?rest_route=%2Fwp%2Fv2%2Fcategories&post=14731"},{"taxonomy":"post_tag","embeddable":true,"href":"https:\/\/noticiasdeangostura.com.ar\/index.php?rest_route=%2Fwp%2Fv2%2Ftags&post=14731"}],"curies":[{"name":"wp","href":"https:\/\/api.w.org\/{rel}","templated":true}]}}