{"id":14739,"date":"2026-04-27T20:23:25","date_gmt":"2026-04-27T23:23:25","guid":{"rendered":"https:\/\/noticiasdeangostura.com.ar\/?p=14739"},"modified":"2026-04-27T20:23:25","modified_gmt":"2026-04-27T23:23:25","slug":"secuestran-un-revolver-44-magnum-y-detienen-a-dos-personas-alcoholizadas","status":"publish","type":"post","link":"https:\/\/noticiasdeangostura.com.ar\/?p=14739","title":{"rendered":"Secuestran un rev\u00f3lver .44 Magnum y detienen a dos personas alcoholizadas"},"content":{"rendered":"<p> <br \/>\n<br \/><\/p>\n<p>El procedimiento fue en cercan\u00edas de Jun\u00edn de los Andes. El conductor manejaba con m\u00e1s de 2 g\/l de alcohol y no ten\u00eda documentaci\u00f3n del arma ni del veh\u00edculo.<\/p>\n<div>\n<p>Junin de los Andes.- Un operativo policial en el sur de Neuqu\u00e9n termin\u00f3 con el secuestro de un arma de fuego, la retenci\u00f3n de un veh\u00edculo y la demora de dos personas, en el marco de una causa por presunta infracci\u00f3n al art\u00edculo 189 bis del C\u00f3digo Penal Argentino.<\/p>\n<p>El procedimiento fue llevado adelante por personal de la Divisi\u00f3n Brigada Rural y Abigeato Zona Sur durante la tarde del 26 de abril, sobre la Ruta Provincial N\u00b0 52, a unos mil metros de su cruce con la Ruta Provincial N\u00b0 62.<\/p>\n<p>Control en rutas del sur neuquino: detectan arma y conductor alcoholizado<\/p>\n<p>El hecho se inici\u00f3 cerca de las 18:57, cuando los efectivos interceptaron un Ford Fiesta gris para un control de rutina.<\/p>\n<p>Al identificar a los ocupantes, el conductor evidenci\u00f3 signos de ebriedad y reconoci\u00f3 no contar con la documentaci\u00f3n del veh\u00edculo, lo que motiv\u00f3 una inspecci\u00f3n m\u00e1s exhaustiva.<\/p>\n<p class=\"noEditable noticia-relacionada\" data-id=\"332616\"><ampiframe src=\"https:\/\/www.noticiasnqn.com.ar\/api\/noticias\/332616\/relacionadas?amp=1\" layout=\"fixed-height\" sandbox=\"allow-top-navigation allow-top-navigation-by-user-activation allow-scripts \" height=\"100px\"> <b placeholder=\"\">Lee tambi\u00e9n: El Gobierno intim\u00f3 a universidades a garantizar clases ante los paros docentes<\/b> <\/ampiframe><\/p>\n<p>Durante la revisi\u00f3n, los uniformados observaron en el habit\u00e1culo delantero un arma corta tipo rev\u00f3lver, de tonalidad cromada con cachas negras.<\/p>\n<p>Al ser consultado, el conductor indic\u00f3 que no pose\u00eda credencial de leg\u00edtimo usuario ni documentaci\u00f3n de tenencia, por lo que ambos ocupantes fueron trasladados a la unidad policial.<\/p>\n<p class=\"noEditable noticia-relacionada\" data-id=\"332625\"><ampiframe src=\"https:\/\/www.noticiasnqn.com.ar\/api\/noticias\/332625\/relacionadas?amp=1\" layout=\"fixed-height\" sandbox=\"allow-top-navigation allow-top-navigation-by-user-activation allow-scripts \" height=\"100px\"> <b placeholder=\"\">Lee tambi\u00e9n: El neuquino Mateo Pradines gan\u00f3 en la primera fecha del Torneo Provincial en Villa Carlos Paz<\/b> <\/ampiframe><\/p>\n<p>Posteriormente, personal de Tr\u00e1nsito de Jun\u00edn de los Andes realiz\u00f3 los test de alcoholemia, que arrojaron resultados positivos: 2,06 g\/l para el conductor y 1,49 g\/l para el acompa\u00f1ante.<\/p>\n<p>Ante esta situaci\u00f3n, el fiscal interviniente dispuso la detenci\u00f3n de ambos sujetos, adem\u00e1s del secuestro del veh\u00edculo.<\/p>\n<p class=\"noEditable noticia-relacionada\" data-id=\"332628\"><ampiframe src=\"https:\/\/www.noticiasnqn.com.ar\/api\/noticias\/332628\/relacionadas?amp=1\" layout=\"fixed-height\" sandbox=\"allow-top-navigation allow-top-navigation-by-user-activation allow-scripts \" height=\"100px\"> <b placeholder=\"\">Lee tambi\u00e9n: Finaliz\u00f3 la entrega de lentes a ni\u00f1as y ni\u00f1os tras controles visuales<\/b> <\/ampiframe><\/p>\n<p>Con intervenci\u00f3n de Criminal\u00edstica y mediante orden judicial, se llev\u00f3 adelante la requisa vehicular, que confirm\u00f3 la presencia del arma.<\/p>\n<p>Se trataba de un rev\u00f3lver calibre .44 Magnum, marca Trompia, en aparente estado de funcionamiento, aunque sin cartuchos en su tambor.<\/p>\n<p>La causa qued\u00f3 en manos de la Justicia, que avanzar\u00e1 en la investigaci\u00f3n por tenencia ilegal de arma de fuego y las infracciones correspondientes vinculadas al consumo de alcohol al volante.<\/p>\n<\/p><\/div>\n","protected":false},"excerpt":{"rendered":"<p>El procedimiento fue en cercan\u00edas de Jun\u00edn de los Andes. El conductor manejaba con m\u00e1s de 2 g\/l de alcohol y no ten\u00eda documentaci\u00f3n del arma ni del veh\u00edculo. Junin de los Andes.- Un operativo policial en el sur de Neuqu\u00e9n termin\u00f3 con el secuestro de un arma de fuego, la retenci\u00f3n de un veh\u00edculo [&hellip;]<\/p>\n","protected":false},"author":1,"featured_media":14740,"comment_status":"","ping_status":"","sticky":false,"template":"","format":"standard","meta":{"_monsterinsights_skip_tracking":false,"_monsterinsights_sitenote_active":false,"_monsterinsights_sitenote_note":"","_monsterinsights_sitenote_category":0,"footnotes":"","jetpack_publicize_message":"","jetpack_publicize_feature_enabled":true,"jetpack_social_post_already_shared":true,"jetpack_social_options":{"image_generator_settings":{"template":"highway","default_image_id":0,"font":"","enabled":false},"version":2}},"categories":[1],"tags":[],"class_list":["post-14739","post","type-post","status-publish","format-standard","has-post-thumbnail","hentry","category-ultimas-noticias"],"aioseo_notices":[],"jetpack_publicize_connections":[],"amp_enabled":true,"_links":{"self":[{"href":"https:\/\/noticiasdeangostura.com.ar\/index.php?rest_route=\/wp\/v2\/posts\/14739","targetHints":{"allow":["GET"]}}],"collection":[{"href":"https:\/\/noticiasdeangostura.com.ar\/index.php?rest_route=\/wp\/v2\/posts"}],"about":[{"href":"https:\/\/noticiasdeangostura.com.ar\/index.php?rest_route=\/wp\/v2\/types\/post"}],"author":[{"embeddable":true,"href":"https:\/\/noticiasdeangostura.com.ar\/index.php?rest_route=\/wp\/v2\/users\/1"}],"replies":[{"embeddable":true,"href":"https:\/\/noticiasdeangostura.com.ar\/index.php?rest_route=%2Fwp%2Fv2%2Fcomments&post=14739"}],"version-history":[{"count":0,"href":"https:\/\/noticiasdeangostura.com.ar\/index.php?rest_route=\/wp\/v2\/posts\/14739\/revisions"}],"wp:featuredmedia":[{"embeddable":true,"href":"https:\/\/noticiasdeangostura.com.ar\/index.php?rest_route=\/wp\/v2\/media\/14740"}],"wp:attachment":[{"href":"https:\/\/noticiasdeangostura.com.ar\/index.php?rest_route=%2Fwp%2Fv2%2Fmedia&parent=14739"}],"wp:term":[{"taxonomy":"category","embeddable":true,"href":"https:\/\/noticiasdeangostura.com.ar\/index.php?rest_route=%2Fwp%2Fv2%2Fcategories&post=14739"},{"taxonomy":"post_tag","embeddable":true,"href":"https:\/\/noticiasdeangostura.com.ar\/index.php?rest_route=%2Fwp%2Fv2%2Ftags&post=14739"}],"curies":[{"name":"wp","href":"https:\/\/api.w.org\/{rel}","templated":true}]}}