{"id":14743,"date":"2026-04-27T21:32:02","date_gmt":"2026-04-28T00:32:02","guid":{"rendered":"https:\/\/noticiasdeangostura.com.ar\/?p=14743"},"modified":"2026-04-27T21:32:02","modified_gmt":"2026-04-28T00:32:02","slug":"corte-de-energia-epen","status":"publish","type":"post","link":"https:\/\/noticiasdeangostura.com.ar\/?p=14743","title":{"rendered":"CORTE DE ENERG\u00cdA- EPEN"},"content":{"rendered":"<p>El Ente Provincial de Energ\u00eda del Neuqu\u00e9n (EPEN) informa que se efectuar\u00e1 un corte de suministro el\u00e9ctrico para realizar mantenimiento correctivo, seg\u00fan el siguiente detalle<\/p>\n<p>:Corte Programado en horario de 9 a 12 hs:<\/p>\n<p>Martes 28:<\/p>\n<p>Alimentador Cumelen, Subestaci\u00f3n Los \u00c1lamos. Barrio afectado: Parte de Puerto Manzano. Calles Afectadas: Los \u00c1lamos, Las Azaleas, Los Casta\u00f1os, Los Robles.   <\/p>\n<p>Rogamos sepan disculpar las molestias ocasionadas y solicitamos tomar los recaudos necesarios.<\/p><\/p>\n","protected":false},"excerpt":{"rendered":"<p>El Ente Provincial de Energ\u00eda del Neuqu\u00e9n (EPEN) informa que se efectuar\u00e1 un corte de suministro el\u00e9ctrico para realizar mantenimiento correctivo, seg\u00fan el siguiente detalle :Corte Programado en horario de 9 a 12 hs: Martes 28: Alimentador Cumelen, Subestaci\u00f3n Los \u00c1lamos. Barrio afectado: Parte de Puerto Manzano. Calles Afectadas: Los \u00c1lamos, Las Azaleas, Los Casta\u00f1os, [&hellip;]<\/p>\n","protected":false},"author":1,"featured_media":0,"comment_status":"","ping_status":"","sticky":false,"template":"","format":"standard","meta":{"_monsterinsights_skip_tracking":false,"_monsterinsights_sitenote_active":false,"_monsterinsights_sitenote_note":"","_monsterinsights_sitenote_category":0,"footnotes":"","jetpack_publicize_message":"","jetpack_publicize_feature_enabled":true,"jetpack_social_post_already_shared":true,"jetpack_social_options":{"image_generator_settings":{"template":"highway","default_image_id":0,"font":"","enabled":false},"version":2}},"categories":[3],"tags":[689,691,210],"class_list":["post-14743","post","type-post","status-publish","format-standard","hentry","category-villa-la-angostura","tag-corte","tag-energia","tag-epen"],"aioseo_notices":[],"jetpack_publicize_connections":[],"amp_enabled":true,"_links":{"self":[{"href":"https:\/\/noticiasdeangostura.com.ar\/index.php?rest_route=\/wp\/v2\/posts\/14743","targetHints":{"allow":["GET"]}}],"collection":[{"href":"https:\/\/noticiasdeangostura.com.ar\/index.php?rest_route=\/wp\/v2\/posts"}],"about":[{"href":"https:\/\/noticiasdeangostura.com.ar\/index.php?rest_route=\/wp\/v2\/types\/post"}],"author":[{"embeddable":true,"href":"https:\/\/noticiasdeangostura.com.ar\/index.php?rest_route=\/wp\/v2\/users\/1"}],"replies":[{"embeddable":true,"href":"https:\/\/noticiasdeangostura.com.ar\/index.php?rest_route=%2Fwp%2Fv2%2Fcomments&post=14743"}],"version-history":[{"count":0,"href":"https:\/\/noticiasdeangostura.com.ar\/index.php?rest_route=\/wp\/v2\/posts\/14743\/revisions"}],"wp:attachment":[{"href":"https:\/\/noticiasdeangostura.com.ar\/index.php?rest_route=%2Fwp%2Fv2%2Fmedia&parent=14743"}],"wp:term":[{"taxonomy":"category","embeddable":true,"href":"https:\/\/noticiasdeangostura.com.ar\/index.php?rest_route=%2Fwp%2Fv2%2Fcategories&post=14743"},{"taxonomy":"post_tag","embeddable":true,"href":"https:\/\/noticiasdeangostura.com.ar\/index.php?rest_route=%2Fwp%2Fv2%2Ftags&post=14743"}],"curies":[{"name":"wp","href":"https:\/\/api.w.org\/{rel}","templated":true}]}}