{"id":14744,"date":"2026-04-27T21:50:00","date_gmt":"2026-04-28T00:50:00","guid":{"rendered":"https:\/\/noticiasdeangostura.com.ar\/?p=14744"},"modified":"2026-04-27T21:50:00","modified_gmt":"2026-04-28T00:50:00","slug":"la-cgt-pidio-apartar-a-los-camaristas-que-restablecieron-la-vigencia-de-la-reforma-laboral","status":"publish","type":"post","link":"https:\/\/noticiasdeangostura.com.ar\/?p=14744","title":{"rendered":"La CGT pidi\u00f3 apartar a los camaristas que restablecieron la vigencia de la reforma laboral"},"content":{"rendered":"<p> <br \/>\n<br \/><br \/> \u201cEstamos ante un cuadro que averg\u00fcenza la tradici\u00f3n de la Justicia Nacional del Trabajo\u201d, aseveraron respecto de uno de los magistrados.<br \/>\n    La disputa sobre la vigencia de la reforma laboral ha escalado a nuevos niveles con el reciente pedido de la Confederaci\u00f3n General del Trabajo (CGT) para apartar a los camaristas que restablecieron la vigencia de decenas de art\u00edculos de la controvertida ley. Esta situaci\u00f3n ha generado una fuerte respuesta de la central obrera que no solo se opone al contenido de la reforma, sino tambi\u00e9n a los procedimientos legales que han permitido su avance. Lee tambi\u00e9n: El juez que suspendi\u00f3 la aplicaci\u00f3n de la reforma laboral denunci\u00f3 presiones del Ejecutivo  La CGT se ha pronunciado con vehemencia, describiendo la reciente decisi\u00f3n de la C\u00e1mara de Apelaciones del Trabajo como \u00abun cuadro que averg\u00fcenza la tradici\u00f3n de la Justicia Nacional del Trabajo\u00bb. La reforma en cuesti\u00f3n, puesta en marcha por el gobierno nacional, hab\u00eda sido parcialmente frenada por medidas cautelares, pero el reciente fallo judicial ha permitido su aplicaci\u00f3n nuevamente, al menos de manera temporal.Central a esta controversia est\u00e1 la recusaci\u00f3n presentada por la CGT contra los jueces de la Sala VIII del tribunal. Particularmente, los magistrados Mar\u00eda Dora Gonz\u00e1lez y V\u00edctor Arturo Pesino han sido objeto de fuertes cr\u00edticas por parte de la central laboral. La CGT acusa al juez Pesino de haber recibido beneficios indebidos del Estado, dado que su permanencia en el cargo ha sido recientemente extendida, lo cual, seg\u00fan alegan, sugiere una relaci\u00f3n de \u00abbeneficios mutuos\u00bb con el Poder Ejecutivo.Por su parte, el vocal Dora Gonz\u00e1lez tampoco ha escapado al escrutinio. La CGT sostiene que ambos jueces \u00abprejuzgaron\u00bb la situaci\u00f3n al decidir sobre la medida cautelar antes de que tuvieran pleno conocimiento formal del expediente. Este aspecto alimenta la acusaci\u00f3n de parcialidad y posible connivencia entre el tribunal y entidades del Estado.Esta decisi\u00f3n judicial tiene implicaciones amplias para los trabajadores y los derechos laborales en el pa\u00eds. Seg\u00fan la CGT, la reforma impone disposiciones que afectan negativamente la protecci\u00f3n contra el despido, la libertad sindical y el derecho de huelga. Estos cambios, argumentan, constituyen un retroceso en t\u00e9rminos de derechos laborales constitucionales y han motivado a la central a contemplar llevar el caso hasta la Corte Suprema e incluso a organismos internacionales.Mientras los tribunales y las organizaciones trabajadores permanecen en conflicto, el pa\u00eds espera una resoluci\u00f3n que podr\u00eda tener profundas consecuencias en la configuraci\u00f3n futura del trabajo y la justicia laboral. El desarrollo de este caso ser\u00e1 visto como un indicativo de c\u00f3mo ser\u00e1n manejados los derechos laborales en contextos de reforma gubernamental.<\/p>\n","protected":false},"excerpt":{"rendered":"<p>\u201cEstamos ante un cuadro que averg\u00fcenza la tradici\u00f3n de la Justicia Nacional del Trabajo\u201d, aseveraron respecto de uno de los magistrados. La disputa sobre la vigencia de la reforma laboral ha escalado a nuevos niveles con el reciente pedido de la Confederaci\u00f3n General del Trabajo (CGT) para apartar a los camaristas que restablecieron la vigencia [&hellip;]<\/p>\n","protected":false},"author":1,"featured_media":14745,"comment_status":"","ping_status":"","sticky":false,"template":"","format":"standard","meta":{"_monsterinsights_skip_tracking":false,"_monsterinsights_sitenote_active":false,"_monsterinsights_sitenote_note":"","_monsterinsights_sitenote_category":0,"footnotes":"","jetpack_publicize_message":"","jetpack_publicize_feature_enabled":true,"jetpack_social_post_already_shared":true,"jetpack_social_options":{"image_generator_settings":{"template":"highway","default_image_id":0,"font":"","enabled":false},"version":2}},"categories":[5],"tags":[],"class_list":["post-14744","post","type-post","status-publish","format-standard","has-post-thumbnail","hentry","category-politica"],"aioseo_notices":[],"jetpack_publicize_connections":[],"amp_enabled":true,"_links":{"self":[{"href":"https:\/\/noticiasdeangostura.com.ar\/index.php?rest_route=\/wp\/v2\/posts\/14744","targetHints":{"allow":["GET"]}}],"collection":[{"href":"https:\/\/noticiasdeangostura.com.ar\/index.php?rest_route=\/wp\/v2\/posts"}],"about":[{"href":"https:\/\/noticiasdeangostura.com.ar\/index.php?rest_route=\/wp\/v2\/types\/post"}],"author":[{"embeddable":true,"href":"https:\/\/noticiasdeangostura.com.ar\/index.php?rest_route=\/wp\/v2\/users\/1"}],"replies":[{"embeddable":true,"href":"https:\/\/noticiasdeangostura.com.ar\/index.php?rest_route=%2Fwp%2Fv2%2Fcomments&post=14744"}],"version-history":[{"count":0,"href":"https:\/\/noticiasdeangostura.com.ar\/index.php?rest_route=\/wp\/v2\/posts\/14744\/revisions"}],"wp:featuredmedia":[{"embeddable":true,"href":"https:\/\/noticiasdeangostura.com.ar\/index.php?rest_route=\/wp\/v2\/media\/14745"}],"wp:attachment":[{"href":"https:\/\/noticiasdeangostura.com.ar\/index.php?rest_route=%2Fwp%2Fv2%2Fmedia&parent=14744"}],"wp:term":[{"taxonomy":"category","embeddable":true,"href":"https:\/\/noticiasdeangostura.com.ar\/index.php?rest_route=%2Fwp%2Fv2%2Fcategories&post=14744"},{"taxonomy":"post_tag","embeddable":true,"href":"https:\/\/noticiasdeangostura.com.ar\/index.php?rest_route=%2Fwp%2Fv2%2Ftags&post=14744"}],"curies":[{"name":"wp","href":"https:\/\/api.w.org\/{rel}","templated":true}]}}