{"id":14754,"date":"2026-04-27T22:33:59","date_gmt":"2026-04-28T01:33:59","guid":{"rendered":"https:\/\/noticiasdeangostura.com.ar\/?p=14754"},"modified":"2026-04-27T22:33:59","modified_gmt":"2026-04-28T01:33:59","slug":"rio-negro-audita-tasas-municipales-en-la-boleta-de-luz-para-controlar-aumentos-y-dar-transparencia","status":"publish","type":"post","link":"https:\/\/noticiasdeangostura.com.ar\/?p=14754","title":{"rendered":"R\u00edo Negro audita tasas municipales en la boleta de luz para controlar aumentos y dar transparencia"},"content":{"rendered":"<p> <br \/>\n<br \/><\/p>\n<p>El EPRE inici\u00f3 un relevamiento sobre cargos incluidos en la factura el\u00e9ctrica. Buscan detectar distorsiones y reducir el impacto en los usuarios.<\/p>\n<div>\n<p>El Gobierno de R\u00edo Negro, a trav\u00e9s del Ente Provincial Regulador de la Electricidad (EPRE), puso en marcha una auditor\u00eda sobre las tasas municipales incluidas en la factura el\u00e9ctrica, con el objetivo de verificar su composici\u00f3n, evitar sobrecargos y garantizar mayor transparencia en el servicio.<\/p>\n<p>La medida apunta a revisar los conceptos que integran la boleta de luz y asegurar que cada cargo est\u00e9 debidamente justificado y autorizado.<\/p>\n<p><strong>Factura de luz en R\u00edo Negro: qu\u00e9 se audita y por qu\u00e9<\/strong><\/p>\n<p>El an\u00e1lisis se centra especialmente en las tasas municipales, que actualmente promedian el 15% del total de la factura, aunque en algunos casos pueden alcanzar hasta el 50% del costo del servicio.<\/p>\n<p>Estos cargos incluyen conceptos como alumbrado p\u00fablico, mantenimiento y otras contribuciones locales que los municipios incorporan a la facturaci\u00f3n el\u00e9ctrica.<\/p>\n<p>Desde el EPRE indicaron que el objetivo es detectar posibles distorsiones y garantizar que los valores aplicados sean correctos y transparentes.<\/p>\n<p><strong>Qu\u00e9 impuestos y cargos tiene la boleta el\u00e9ctrica<\/strong><\/p>\n<p>Adem\u00e1s de las tasas municipales, la factura de electricidad incluye otros componentes impositivos, como el IVA (entre 21% y 27%), el impuesto al d\u00e9bito y cr\u00e9dito bancario (1,2%), aportes voluntarios cercanos al 2,8% y el impuesto provincial a los Ingresos Brutos, recientemente reducido al 1%.<\/p>\n<p>La combinaci\u00f3n de estos conceptos impacta directamente en el costo final que pagan los usuarios residenciales y productivos.<\/p>\n<p class=\"noEditable noticia-relacionada\" data-id=\"332619\"><ampiframe src=\"https:\/\/www.noticiasnqn.com.ar\/api\/noticias\/332619\/relacionadas?amp=1\" layout=\"fixed-height\" sandbox=\"allow-top-navigation allow-top-navigation-by-user-activation allow-scripts \" height=\"100px\"> <b placeholder=\"\">Lee tambi\u00e9n: Larraza destac\u00f3 la nueva planta cloacal y proyect\u00f3 el desarrollo del parque industrial<\/b> <\/ampiframe><\/p>\n<p><strong>Pedido de informaci\u00f3n a municipios y empresas<\/strong><\/p>\n<p>Para avanzar con la auditor\u00eda, el organismo regulador solicit\u00f3 informaci\u00f3n a municipios y empresas distribuidoras, con el fin de conocer en detalle los cargos aplicados, su respaldo normativo y su incidencia en la tarifa.<\/p>\n<p>El relevamiento permitir\u00e1 establecer si existen diferencias significativas entre localidades y corregir posibles irregularidades.<\/p>\n<p class=\"noEditable noticia-relacionada\" data-id=\"332637\"><ampiframe src=\"https:\/\/www.noticiasnqn.com.ar\/api\/noticias\/332637\/relacionadas?amp=1\" layout=\"fixed-height\" sandbox=\"allow-top-navigation allow-top-navigation-by-user-activation allow-scripts \" height=\"100px\"> <b placeholder=\"\">Lee tambi\u00e9n: Facundo Jones Huala inici\u00f3 una huelga de hambre en Rawson y reclama traslado y mejoras en su detenci\u00f3n<\/b> <\/ampiframe><\/p>\n<p><strong>Buscan una factura m\u00e1s clara y menor carga impositiva<\/strong><\/p>\n<p>La iniciativa forma parte de una pol\u00edtica provincial orientada a ordenar el sistema tarifario y reducir la presi\u00f3n fiscal sobre servicios esenciales.<\/p>\n<p>En ese marco, el Gobierno rionegrino ya avanz\u00f3 con una baja de impuestos provinciales en las boletas de luz y gas, con impacto en hogares, comercios, industrias y productores.<\/p>\n<p>Adem\u00e1s, se implementaron medidas espec\u00edficas para sectores como el riego agr\u00edcola, con el objetivo de mejorar la competitividad de las econom\u00edas regionales.<\/p>\n<p><strong>Control y transparencia en la tarifa el\u00e9ctrica<\/strong><\/p>\n<p>Desde el EPRE destacaron que la auditor\u00eda busca fortalecer el control sobre los componentes de la tarifa y brindar mayor claridad a los usuarios sobre qu\u00e9 est\u00e1n pagando.<\/p>\n<p>\u00a0<\/p>\n<p>La medida se suma a otras acciones como relevamientos de consumo y programas de educaci\u00f3n energ\u00e9tica, en una estrategia que apunta a un uso m\u00e1s eficiente y equitativo del servicio el\u00e9ctrico en toda la provincia.<\/p>\n<\/p><\/div>\n","protected":false},"excerpt":{"rendered":"<p>El EPRE inici\u00f3 un relevamiento sobre cargos incluidos en la factura el\u00e9ctrica. Buscan detectar distorsiones y reducir el impacto en los usuarios. El Gobierno de R\u00edo Negro, a trav\u00e9s del Ente Provincial Regulador de la Electricidad (EPRE), puso en marcha una auditor\u00eda sobre las tasas municipales incluidas en la factura el\u00e9ctrica, con el objetivo de [&hellip;]<\/p>\n","protected":false},"author":1,"featured_media":14755,"comment_status":"","ping_status":"","sticky":false,"template":"","format":"standard","meta":{"_monsterinsights_skip_tracking":false,"_monsterinsights_sitenote_active":false,"_monsterinsights_sitenote_note":"","_monsterinsights_sitenote_category":0,"footnotes":"","jetpack_publicize_message":"","jetpack_publicize_feature_enabled":true,"jetpack_social_post_already_shared":true,"jetpack_social_options":{"image_generator_settings":{"template":"highway","default_image_id":0,"font":"","enabled":false},"version":2}},"categories":[1],"tags":[],"class_list":["post-14754","post","type-post","status-publish","format-standard","has-post-thumbnail","hentry","category-ultimas-noticias"],"aioseo_notices":[],"jetpack_publicize_connections":[],"amp_enabled":true,"_links":{"self":[{"href":"https:\/\/noticiasdeangostura.com.ar\/index.php?rest_route=\/wp\/v2\/posts\/14754","targetHints":{"allow":["GET"]}}],"collection":[{"href":"https:\/\/noticiasdeangostura.com.ar\/index.php?rest_route=\/wp\/v2\/posts"}],"about":[{"href":"https:\/\/noticiasdeangostura.com.ar\/index.php?rest_route=\/wp\/v2\/types\/post"}],"author":[{"embeddable":true,"href":"https:\/\/noticiasdeangostura.com.ar\/index.php?rest_route=\/wp\/v2\/users\/1"}],"replies":[{"embeddable":true,"href":"https:\/\/noticiasdeangostura.com.ar\/index.php?rest_route=%2Fwp%2Fv2%2Fcomments&post=14754"}],"version-history":[{"count":0,"href":"https:\/\/noticiasdeangostura.com.ar\/index.php?rest_route=\/wp\/v2\/posts\/14754\/revisions"}],"wp:featuredmedia":[{"embeddable":true,"href":"https:\/\/noticiasdeangostura.com.ar\/index.php?rest_route=\/wp\/v2\/media\/14755"}],"wp:attachment":[{"href":"https:\/\/noticiasdeangostura.com.ar\/index.php?rest_route=%2Fwp%2Fv2%2Fmedia&parent=14754"}],"wp:term":[{"taxonomy":"category","embeddable":true,"href":"https:\/\/noticiasdeangostura.com.ar\/index.php?rest_route=%2Fwp%2Fv2%2Fcategories&post=14754"},{"taxonomy":"post_tag","embeddable":true,"href":"https:\/\/noticiasdeangostura.com.ar\/index.php?rest_route=%2Fwp%2Fv2%2Ftags&post=14754"}],"curies":[{"name":"wp","href":"https:\/\/api.w.org\/{rel}","templated":true}]}}