{"id":14756,"date":"2026-04-27T22:48:04","date_gmt":"2026-04-28T01:48:04","guid":{"rendered":"https:\/\/noticiasdeangostura.com.ar\/?p=14756"},"modified":"2026-04-27T22:48:04","modified_gmt":"2026-04-28T01:48:04","slug":"especialista-francesa-capacito-en-automatizacion-y-eficiencia-energetica","status":"publish","type":"post","link":"https:\/\/noticiasdeangostura.com.ar\/?p=14756","title":{"rendered":"Especialista francesa capacit\u00f3 en Automatizaci\u00f3n y Eficiencia Energ\u00e9tica"},"content":{"rendered":"<p> <br \/>\n<br \/><\/p>\n<p>Fueron parte del encuentro docentes de escuelas T\u00e9cnicas y de Formaci\u00f3n Profesional. Exploraron herramientas para la ense\u00f1anza de tecnolog\u00edas en materia de electroneum\u00e1tica y electrohidr\u00e1ulica para dar respuesta a necesidades actuales de la industria.<\/p>\n<div>\n<p>Como parte del plan de fortalecimiento de la Educaci\u00f3n T\u00e9cnico Profesional (ETP), la ingeniera el\u00e9ctrica y experta del ministerio de Educaci\u00f3n de Francia, <strong>Christ\u00e8le Sauder<\/strong>, visit\u00f3 la provincia para dictar una capacitaci\u00f3n destinada a docentes de la modalidad T\u00e9cnica y Profesional del Consejo Provincial de Educaci\u00f3n (CPE).<\/p>\n<p>Fue como parte de las acciones que se vienen desarrollando en articulaci\u00f3n con la corporaci\u00f3n Schneider Electric, el INET y el ministerio de Educaci\u00f3n de Francia para la incorporaci\u00f3n de tecnolog\u00eda de \u00faltima generaci\u00f3n para la eficiencia energ\u00e9tica a los laboratorios escolares de las instituciones provinciales.<\/p>\n<p>En este contexto se desarroll\u00f3 del 20 al 24 de abril la actividad que incluy\u00f3 instancias de formaci\u00f3n de formadores, adem\u00e1s del asesoramiento t\u00e9cnico-pedag\u00f3gico que la profesional gala comparti\u00f3 con las y los trabajadores del Centro Regional de Educaci\u00f3n Tecnol\u00f3gica (CERET).<\/p>\n<p>En cuanto al encuentro formativo, participaron una docente de la EPET 29 de Centenario, uno de la 25 de Plottier, dos profesores de la EPET 3 ubicada en la capital neuquina, y cuatro del CERET, a quienes se sum\u00f3 adem\u00e1s un docente del aula taller m\u00f3vil de energ\u00edas renovables que corresponde a la modalidad de Formaci\u00f3n Profesional.<\/p>\n<p>El contenido abordado se centr\u00f3 en la Automatizaci\u00f3n para la Eficiencia Energ\u00e9tica, y profundiz\u00f3 en aspectos de las \u00e1reas electroneum\u00e1tica y electrohidr\u00e1ulica. Desde la organizaci\u00f3n del evento explicaron que el objetivo del mismo fue mejorar la planificaci\u00f3n docente y aportar herramientas de ense\u00f1anza en automatizaci\u00f3n.<\/p>\n<p>Esto permite introducir innovaciones vinculadas a tecnolog\u00edas en los procesos de ense\u00f1anza; fortalecer el v\u00ednculo entre el aula y las demandas reales del sector industrial a partir de la implementaci\u00f3n de pr\u00e1cticas profesionalizantes; y proyectar la tarea educativa contando con la posibilidad de que en el mediano plazo se posibilite la incorporaci\u00f3n de laboratorios de alta tecnolog\u00eda en la provincia.<\/p>\n<p>A partir de estos nuevos saberes, los equipos docentes estar\u00e1n en mejores condiciones para integrar innovaciones tecnol\u00f3gicas en sus instituciones educativas de pertenencia.<\/p>\n<p>Adem\u00e1s, esta acci\u00f3n se articula con otras como la impulsada a trav\u00e9s del programa de Cr\u00e9dito Fiscal, y algunas m\u00e1s de pr\u00f3xima concreci\u00f3n vinculadas a la instalaci\u00f3n de equipamiento relativo a automatizaci\u00f3n para la eficiencia energ\u00e9tica.<\/p>\n<p>La jornada de apertura cont\u00f3 con la participaci\u00f3n del subsecretario de Tecnolog\u00eda Educativa y Modernizaci\u00f3n, <strong>Lucas Godoy<\/strong>; el director provincial de Tecnolog\u00eda Educativa, <strong>Rolando Rodr\u00edguez<\/strong>; y la directora general de Innovaci\u00f3n y Contenidos Digitales, <strong>Paz Sarrasqueta<\/strong>, junto con la referente jurisdiccional de ETP, <strong>Jazm\u00edn Belossi<\/strong>, quienes recibieron a la capacitadora y dieron la bienvenida a los docentes participantes.<\/p>\n<p>La capacitadora Christ\u00e8le Sauder viene trabajando en la implementaci\u00f3n de proyectos de cooperaci\u00f3n entre Francia y Argentina; es codirectora del Campus de Cualificaciones y Oficios Franco-Argentino en el Instituto Nacional de Educaci\u00f3n Tecnol\u00f3gica (INET), y trabaja en estrecha coordinaci\u00f3n con la Fundaci\u00f3n Schneider Electric.<\/p>\n<p>La iniciativa se desarroll\u00f3 bajo el plan de trabajo conjunto que lleva adelante la subsecretar\u00eda de Modernizaci\u00f3n junto con el CERET y la Unidad Ejecutora del Programa 39-INET, priorizando la formaci\u00f3n de las y los estudiantes de la provincia, y reafirmando el compromiso con la excelencia de las y los futuros t\u00e9cnicos y profesionales de la regi\u00f3n; en pos de profundizar un modelo neuquino que dispone de variados recursos para la gente.<\/p>\n<\/p><\/div>\n<p><script type=\"795704a72b48303bc6f51ae9-text\/javascript\">\n    window.addEventListener('load', () => {\n        if (typeof FB !== 'undefined' && FB.init) {\n            \/\/ La SDK de Facebook est\u00e1 inicializada\n        } else {\n            \/\/ La SDK de Facebook no est\u00e1 inicializada\n            var script = document.createElement('script');\n            script.async = true;\n            script.defer = true;\n            script.crossOrigin = 'anonymous';\n            script.src=\"https:\/\/connect.facebook.net\/es_LA\/sdk.js#xfbml=1&version=v17.0&appId=868452105110858&autoLogAppEvents=1\";\n            script.nonce=\"eBgX2sTe\";\n            document.head.appendChild(script);\n        }\n        \/* FIX YOUTUBE (fix width) *\/\n        var youtubeIframes = document.querySelectorAll('iframe[src*=\"youtube.com\/embed\"]');\n        youtubeIframes.forEach(function(iframe) {\n            var containerWidth = iframe.parentElement.clientWidth || iframe.parentElement.offsetWidth;\n            if(containerWidth && iframe.width > containerWidth){\n                iframe.width = containerWidth;\n                iframe.height = (containerWidth \/ 16) * 9; \/\/ Assuming a 16:9 aspect ratio\n            }\n        });\n    });\n<\/script><\/p>\n","protected":false},"excerpt":{"rendered":"<p>Fueron parte del encuentro docentes de escuelas T\u00e9cnicas y de Formaci\u00f3n Profesional. Exploraron herramientas para la ense\u00f1anza de tecnolog\u00edas en materia de electroneum\u00e1tica y electrohidr\u00e1ulica para dar respuesta a necesidades actuales de la industria. Como parte del plan de fortalecimiento de la Educaci\u00f3n T\u00e9cnico Profesional (ETP), la ingeniera el\u00e9ctrica y experta del ministerio de Educaci\u00f3n [&hellip;]<\/p>\n","protected":false},"author":1,"featured_media":14757,"comment_status":"","ping_status":"","sticky":false,"template":"","format":"standard","meta":{"_monsterinsights_skip_tracking":false,"_monsterinsights_sitenote_active":false,"_monsterinsights_sitenote_note":"","_monsterinsights_sitenote_category":0,"footnotes":"","jetpack_publicize_message":"","jetpack_publicize_feature_enabled":true,"jetpack_social_post_already_shared":true,"jetpack_social_options":{"image_generator_settings":{"template":"highway","default_image_id":0,"font":"","enabled":false},"version":2}},"categories":[4],"tags":[2543,2412,2544,2545,2541,2542],"class_list":["post-14756","post","type-post","status-publish","format-standard","has-post-thumbnail","hentry","category-regionales","tag-automatizacion","tag-capacito","tag-eficiencia","tag-energetica","tag-especialista","tag-francesa"],"aioseo_notices":[],"jetpack_publicize_connections":[],"amp_enabled":true,"_links":{"self":[{"href":"https:\/\/noticiasdeangostura.com.ar\/index.php?rest_route=\/wp\/v2\/posts\/14756","targetHints":{"allow":["GET"]}}],"collection":[{"href":"https:\/\/noticiasdeangostura.com.ar\/index.php?rest_route=\/wp\/v2\/posts"}],"about":[{"href":"https:\/\/noticiasdeangostura.com.ar\/index.php?rest_route=\/wp\/v2\/types\/post"}],"author":[{"embeddable":true,"href":"https:\/\/noticiasdeangostura.com.ar\/index.php?rest_route=\/wp\/v2\/users\/1"}],"replies":[{"embeddable":true,"href":"https:\/\/noticiasdeangostura.com.ar\/index.php?rest_route=%2Fwp%2Fv2%2Fcomments&post=14756"}],"version-history":[{"count":0,"href":"https:\/\/noticiasdeangostura.com.ar\/index.php?rest_route=\/wp\/v2\/posts\/14756\/revisions"}],"wp:featuredmedia":[{"embeddable":true,"href":"https:\/\/noticiasdeangostura.com.ar\/index.php?rest_route=\/wp\/v2\/media\/14757"}],"wp:attachment":[{"href":"https:\/\/noticiasdeangostura.com.ar\/index.php?rest_route=%2Fwp%2Fv2%2Fmedia&parent=14756"}],"wp:term":[{"taxonomy":"category","embeddable":true,"href":"https:\/\/noticiasdeangostura.com.ar\/index.php?rest_route=%2Fwp%2Fv2%2Fcategories&post=14756"},{"taxonomy":"post_tag","embeddable":true,"href":"https:\/\/noticiasdeangostura.com.ar\/index.php?rest_route=%2Fwp%2Fv2%2Ftags&post=14756"}],"curies":[{"name":"wp","href":"https:\/\/api.w.org\/{rel}","templated":true}]}}