{"id":14758,"date":"2026-04-27T23:50:58","date_gmt":"2026-04-28T02:50:58","guid":{"rendered":"https:\/\/noticiasdeangostura.com.ar\/?p=14758"},"modified":"2026-04-27T23:50:58","modified_gmt":"2026-04-28T02:50:58","slug":"milei-defendio-su-programa-economico-y-aseguro-que-la-toma-de-deuda-es-profundamente-inmoral","status":"publish","type":"post","link":"https:\/\/noticiasdeangostura.com.ar\/?p=14758","title":{"rendered":"Milei defendi\u00f3 su programa econ\u00f3mico y asegur\u00f3 que la toma de deuda es \u201cprofundamente inmoral\u201d"},"content":{"rendered":"<p> <br \/>\n<br \/><br \/>El Presidente habl\u00f3 durante la cena anual de la Fundaci\u00f3n Libertad. Javier Milei durante su discurso.<br \/>\n    El presidente Javier Milei fue el orador principal en la cena anual de la Fundaci\u00f3n Libertad, en la que tambi\u00e9n estuvieron presentes la senadora Patricia Bullrich y el expresidente Mauricio Macri. Inici\u00f3 su discurso repudiando el ataque contra Donald Trump durante el fin de semana y lo vincul\u00f3 directamente a la izquierda. Lee tambi\u00e9n: La confianza en el Gobierno cay\u00f3 por cuarto mes consecutivo, seg\u00fan la Universidad Di Tella \u201cMi m\u00e1s en\u00e9rgico repudio al nuevo intento de asesinato sufrido por el presidente Donald Trump. Estamos frente a un nuevo auge de la violencia pol\u00edtica, muy en particular de la izquierda, en todo el mundo libre que debe ser detenido en sus inicios. Estamos ante un nuevo auge de la violencia pol\u00edtica. No aceptan perder en la batalla por las ideas y en las urnas. No son compatibles con la democracia y deben ser castigados con todo el peso de la ley\u201d, expres\u00f3.Luego, el mandatario defendi\u00f3 su gesti\u00f3n econ\u00f3mica. \u201cLos datos est\u00e1n mostrando que cada uno de los indicadores amerita que nos jactemos de que somos el mejor Gobierno de la historia, le guste o no le guste a la izquierda\u201d, sentenci\u00f3. Tambi\u00e9n dijo que \u201cla cantidad de empleos subi\u00f3 en 113.000 puestos de trabajo\u201d.Asimismo, defendi\u00f3 el ajuste aplicado por su Gobierno y cuestion\u00f3 a quienes lo critican por la magnitud del recorte. \u201cEscucho a algunos que critican y que al momento que ten\u00edan que hacer las cosas les parec\u00eda que m\u00e1s de un punto por a\u00f1o era un mont\u00f3n\u201d, sostuvo. Y agreg\u00f3: \u201cNo solo hicimos el ajuste de casi 5 puntos del PBI, pusimos en orden las cuentas p\u00fablicas\u201d.En esa l\u00ednea, rechaz\u00f3 las herramientas tradicionales de financiamiento del Estado. \u201cRecurrentemente la pol\u00edtica siempre tuvo como primera opci\u00f3n tomar deuda y para nosotros no es una opci\u00f3n porque es profundamente inmoral. La otra es subir los impuestos y tambi\u00e9n nos parece aberrante, es un robo\u201d, afirm\u00f3.El mandatario asegur\u00f3 que su gesti\u00f3n avanz\u00f3 en la recomposici\u00f3n de las cuentas y del Banco Central. \u201cA diferencia de otros programas de estabilizaci\u00f3n, nosotros empezamos a reconstituir las finanzas p\u00fablicas y la hoja de balanza fiscal y hoy pr\u00e1cticamente no existe el d\u00e9ficit cuasifiscal, limpiamos el balance del Banco Central. Le devolvimos a los argentinos 15 puntos del PBI\u201d, se\u00f1al\u00f3.Por otra parte, Milei apunt\u00f3 contra el kirchnerismo por el nivel de endeudamiento. \u201cLa deuda en US$381.000 desde 2001. Durante el Gobierno del presidente Macri subi\u00f3 en US$60.000 millones, quiere decir que los US$320.000 millones de deuda restante son todos del kirchnerismo y a eso hay que sumarle la quita de deuda que hicieron cuando reestructuraron. Si hay alguien que ha endeudado a este pa\u00eds brutalmente comprometiendo a las generaciones futuras es el kirchnerismo\u201d, explic\u00f3.Adem\u00e1s, lanz\u00f3 cr\u00edticas contra ese espacio pol\u00edtico. Los calific\u00f3 como \u201cignorantes y bastante brutos\u201d e indic\u00f3 que el \u201cmayor exponente es el sovi\u00e9tico que gobierna la provincia de Buenos Aires\u201d, en referencia a Axel Kicillof.En otro momento de su discurso, el jefe de Estado coment\u00f3 que \u201cla econom\u00eda empieza en abril a mostrar signos de recuperaci\u00f3n, se puede ver con la recaudaci\u00f3n\u201d. A\u00f1adi\u00f3 que, \u201cpese a haber hecho el ajuste m\u00e1s grande de la historia, la econom\u00eda crece\u201d.En ese sentido, destac\u00f3 que sacaron a 14 millones de personas de la pobreza: \u201cEs mentira que se destruyen puestos de trabajo y que los salarios se est\u00e1n desplomando\u201d. \u201cAl \u00fanico que perjudic\u00f3 esto es a m\u00ed, que no me sub\u00ed el sueldo desde que asum\u00ed\u201d, argument\u00f3.<\/p>\n","protected":false},"excerpt":{"rendered":"<p>El Presidente habl\u00f3 durante la cena anual de la Fundaci\u00f3n Libertad. Javier Milei durante su discurso. El presidente Javier Milei fue el orador principal en la cena anual de la Fundaci\u00f3n Libertad, en la que tambi\u00e9n estuvieron presentes la senadora Patricia Bullrich y el expresidente Mauricio Macri. Inici\u00f3 su discurso repudiando el ataque contra Donald [&hellip;]<\/p>\n","protected":false},"author":1,"featured_media":14759,"comment_status":"","ping_status":"","sticky":false,"template":"","format":"standard","meta":{"_monsterinsights_skip_tracking":false,"_monsterinsights_sitenote_active":false,"_monsterinsights_sitenote_note":"","_monsterinsights_sitenote_category":0,"footnotes":"","jetpack_publicize_message":"","jetpack_publicize_feature_enabled":true,"jetpack_social_post_already_shared":true,"jetpack_social_options":{"image_generator_settings":{"template":"highway","default_image_id":0,"font":"","enabled":false},"version":2}},"categories":[5],"tags":[],"class_list":["post-14758","post","type-post","status-publish","format-standard","has-post-thumbnail","hentry","category-politica"],"aioseo_notices":[],"jetpack_publicize_connections":[],"amp_enabled":true,"_links":{"self":[{"href":"https:\/\/noticiasdeangostura.com.ar\/index.php?rest_route=\/wp\/v2\/posts\/14758","targetHints":{"allow":["GET"]}}],"collection":[{"href":"https:\/\/noticiasdeangostura.com.ar\/index.php?rest_route=\/wp\/v2\/posts"}],"about":[{"href":"https:\/\/noticiasdeangostura.com.ar\/index.php?rest_route=\/wp\/v2\/types\/post"}],"author":[{"embeddable":true,"href":"https:\/\/noticiasdeangostura.com.ar\/index.php?rest_route=\/wp\/v2\/users\/1"}],"replies":[{"embeddable":true,"href":"https:\/\/noticiasdeangostura.com.ar\/index.php?rest_route=%2Fwp%2Fv2%2Fcomments&post=14758"}],"version-history":[{"count":0,"href":"https:\/\/noticiasdeangostura.com.ar\/index.php?rest_route=\/wp\/v2\/posts\/14758\/revisions"}],"wp:featuredmedia":[{"embeddable":true,"href":"https:\/\/noticiasdeangostura.com.ar\/index.php?rest_route=\/wp\/v2\/media\/14759"}],"wp:attachment":[{"href":"https:\/\/noticiasdeangostura.com.ar\/index.php?rest_route=%2Fwp%2Fv2%2Fmedia&parent=14758"}],"wp:term":[{"taxonomy":"category","embeddable":true,"href":"https:\/\/noticiasdeangostura.com.ar\/index.php?rest_route=%2Fwp%2Fv2%2Fcategories&post=14758"},{"taxonomy":"post_tag","embeddable":true,"href":"https:\/\/noticiasdeangostura.com.ar\/index.php?rest_route=%2Fwp%2Fv2%2Ftags&post=14758"}],"curies":[{"name":"wp","href":"https:\/\/api.w.org\/{rel}","templated":true}]}}