{"id":14760,"date":"2026-04-27T23:52:14","date_gmt":"2026-04-28T02:52:14","guid":{"rendered":"https:\/\/noticiasdeangostura.com.ar\/?p=14760"},"modified":"2026-04-27T23:52:14","modified_gmt":"2026-04-28T02:52:14","slug":"eran-mas-resilientes-antes-el-debate-que-pone-en-foco-a-las-nuevas-generaciones","status":"publish","type":"post","link":"https:\/\/noticiasdeangostura.com.ar\/?p=14760","title":{"rendered":"\u00bfEran m\u00e1s resilientes antes? El debate que pone en foco a las nuevas generaciones"},"content":{"rendered":"<p> <br \/>\n<br \/><\/p>\n<p>Un psic\u00f3logo especializado analiza las diferencias entre \u00e9pocas. Cambios culturales y tecnol\u00f3gicos modifican la forma de afrontar la vida.<\/p>\n<div>\n<p><a href=\"https:\/\/youtu.be\/Gm8WTxgct3E?si=5WhAgRLhFL0C61py\" target=\"_blank\" rel=\"noopener\">El debate sobre si las generaciones del pasado eran m\u00e1s resilientes que las actuales vuelve a instalarse en un contexto marcado por cambios culturales y tecnol\u00f3gicos acelerados.<\/a><\/p>\n<p><strong>Durante una entrevista en el programa<a href=\"https:\/\/www.amcumbre.com\/\" target=\"_blank\" rel=\"noopener\"> Nada sucede dos veces por AM Cumbre 1400<\/a><\/strong>, el psic\u00f3logo Alfredo Ruiz analiz\u00f3 este fen\u00f3meno.<\/p>\n<p>En di\u00e1logo con los periodistas, explic\u00f3 que el concepto de resiliencia no es exclusivo de una \u00e9poca.<\/p>\n<p>Seg\u00fan indic\u00f3, <strong>cada generaci\u00f3n desarrolla herramientas propias para enfrentar las dificultades en funci\u00f3n de su contexto<\/strong>.<\/p>\n<h3>Resiliencia: un concepto que trasciende generaciones<\/h3>\n<p>La resiliencia se define como la capacidad de transformar situaciones adversas en oportunidades de crecimiento. Aunque hoy es un t\u00e9rmino difundido, su uso en el \u00e1mbito social es relativamente reciente.<\/p>\n<p>Este concepto no puede aplicarse de manera lineal a una generaci\u00f3n en particular. Las condiciones en las que crecen las personas influyen directamente en la forma en que enfrentan los desaf\u00edos.<\/p>\n<h3>Una generaci\u00f3n marcada por el esfuerzo<\/h3>\n<p>Las generaciones del 60 y 70 crecieron en un contexto donde el esfuerzo y la disciplina eran valores centrales. Las metas se alcanzaban a trav\u00e9s del tiempo y la constancia.<\/p>\n<p>Adem\u00e1s, las infancias ten\u00edan mayor autonom\u00eda. El juego, el contacto con el entorno y la interacci\u00f3n social se daban en espacios f\u00edsicos, con menor intervenci\u00f3n de los adultos.<\/p>\n<p><iframe title=\"La psicolog\u00eda sobre las generaciones del 60 y 70 | CUMBRE\" width=\"740\" height=\"416\" src=\"https:\/\/www.youtube.com\/embed\/Gm8WTxgct3E?feature=oembed\" frameborder=\"0\" allow=\"accelerometer; autoplay; clipboard-write; encrypted-media; gyroscope; picture-in-picture; web-share\" referrerpolicy=\"strict-origin-when-cross-origin\" allowfullscreen><\/iframe><\/p>\n<h3>El impacto de la tecnolog\u00eda en las nuevas generaciones<\/h3>\n<p>El escenario actual est\u00e1 atravesado por la tecnolog\u00eda. Las relaciones, el acceso a la informaci\u00f3n y la interacci\u00f3n con el mundo se encuentran mediadas por dispositivos digitales.<\/p>\n<p>Este cambio modifica la forma en que se construyen las experiencias. La virtualidad introduce nuevas din\u00e1micas que influyen en la percepci\u00f3n de la realidad y en la forma de vincularse.<\/p>\n<h3>Inmediatez y tolerancia a la frustraci\u00f3n<\/h3>\n<p>Uno de los cambios m\u00e1s significativos es la reducci\u00f3n de los tiempos de espera. La posibilidad de acceder a resultados de manera inmediata impacta en las expectativas.<\/p>\n<p>Este fen\u00f3meno tiene consecuencias en la tolerancia a la frustraci\u00f3n. La dificultad para sostener procesos prolongados se vuelve uno de los desaf\u00edos actuales.<\/p>\n<h3>Habilidades distintas para contextos distintos<\/h3>\n<p>Cada generaci\u00f3n desarrolla capacidades en funci\u00f3n de las herramientas disponibles. Lo que en una \u00e9poca era fundamental, puede quedar obsoleto en otra.<\/p>\n<p>Las nuevas generaciones tienen mayor dominio de entornos digitales y procesamiento de informaci\u00f3n. Esto no implica una p\u00e9rdida de capacidades, sino una transformaci\u00f3n.<\/p>\n<h3>Un cambio de paradigma en marcha<\/h3>\n<p>El avance de la inteligencia artificial y las nuevas tecnolog\u00edas plantea un escenario de transformaci\u00f3n permanente.<\/p>\n<p>Este contexto obliga a repensar las habilidades necesarias para el futuro. La capacidad de adaptaci\u00f3n y aprendizaje continuo aparece como una de las claves.<\/p>\n<p>El debate sobre las generaciones no tiene una respuesta \u00fanica, pero refleja un cambio profundo en la forma de vivir, aprender y enfrentar los desaf\u00edos en un mundo cada vez m\u00e1s din\u00e1mico.<\/p>\n<p>\u00a0<\/p>\n<h2>La entrevista<\/h2>\n<p>Alfredo Ruiz, <strong>psic\u00f3logo, mag\u00edster en neuropsicolog\u00eda y ex docente de la Universidad Nacional del Comahue<\/strong>, analiz\u00f3 las diferencias entre generaciones y el concepto de resiliencia en el contexto actual.<\/p>\n<p>\u2014Pregunta: \u00bfLas generaciones del 60 y 70 eran m\u00e1s resilientes?<br \/>\u2014Respuesta: Es una percepci\u00f3n bastante extendida, pero primero hay que entender qu\u00e9 es resiliencia. Es la capacidad de transformar situaciones adversas en fortalezas. No es algo exclusivo de una generaci\u00f3n.<\/p>\n<p>\u2014Pregunta: \u00bfC\u00f3mo se define una generaci\u00f3n?<br \/>\u2014Respuesta: Es la distancia en tiempo entre padres e hijos. Hoy vemos que esas distancias se alargan, porque las personas tienen hijos m\u00e1s tarde o directamente no los tienen.<\/p>\n<p>\u2014Pregunta: \u00bfQu\u00e9 caracter\u00edsticas ten\u00eda esa generaci\u00f3n?<br \/>\u2014Respuesta: Hab\u00eda una fuerte valoraci\u00f3n del esfuerzo y la disciplina. Las cosas no eran inmediatas, requer\u00edan tiempo. Adem\u00e1s, las infancias eran m\u00e1s aut\u00f3nomas, con menos supervisi\u00f3n y mayor contacto con lo real.<\/p>\n<p>\u2014Pregunta: \u00bfQu\u00e9 cambi\u00f3 con las nuevas generaciones?<br \/>\u2014Respuesta: Cambi\u00f3 el contexto. Hoy hay una mediaci\u00f3n tecnol\u00f3gica constante. Las relaciones y los objetos pasan por lo virtual, y eso modifica la forma de vincularse con la realidad.<\/p>\n<p>\u2014Pregunta: \u00bfC\u00f3mo influye la inmediatez actual?<br \/>\u2014Respuesta: Tiene un impacto fuerte. Antes hab\u00eda que esperar para obtener resultados. Hoy la satisfacci\u00f3n es inmediata, lo que afecta la tolerancia a la frustraci\u00f3n.<\/p>\n<p>\u2014Pregunta: \u00bfLas nuevas generaciones tienen menos capacidades?<br \/>\u2014Respuesta: No. Cada generaci\u00f3n desarrolla habilidades acordes a su \u00e9poca. Las herramientas culturales moldean la forma de pensar y de actuar.<\/p>\n<\/p><\/div>\n","protected":false},"excerpt":{"rendered":"<p>Un psic\u00f3logo especializado analiza las diferencias entre \u00e9pocas. Cambios culturales y tecnol\u00f3gicos modifican la forma de afrontar la vida. El debate sobre si las generaciones del pasado eran m\u00e1s resilientes que las actuales vuelve a instalarse en un contexto marcado por cambios culturales y tecnol\u00f3gicos acelerados. Durante una entrevista en el programa Nada sucede dos [&hellip;]<\/p>\n","protected":false},"author":1,"featured_media":14761,"comment_status":"","ping_status":"","sticky":false,"template":"","format":"standard","meta":{"_monsterinsights_skip_tracking":false,"_monsterinsights_sitenote_active":false,"_monsterinsights_sitenote_note":"","_monsterinsights_sitenote_category":0,"footnotes":"","jetpack_publicize_message":"","jetpack_publicize_feature_enabled":true,"jetpack_social_post_already_shared":true,"jetpack_social_options":{"image_generator_settings":{"template":"highway","default_image_id":0,"font":"","enabled":false},"version":2}},"categories":[1],"tags":[],"class_list":["post-14760","post","type-post","status-publish","format-standard","has-post-thumbnail","hentry","category-ultimas-noticias"],"aioseo_notices":[],"jetpack_publicize_connections":[],"amp_enabled":true,"_links":{"self":[{"href":"https:\/\/noticiasdeangostura.com.ar\/index.php?rest_route=\/wp\/v2\/posts\/14760","targetHints":{"allow":["GET"]}}],"collection":[{"href":"https:\/\/noticiasdeangostura.com.ar\/index.php?rest_route=\/wp\/v2\/posts"}],"about":[{"href":"https:\/\/noticiasdeangostura.com.ar\/index.php?rest_route=\/wp\/v2\/types\/post"}],"author":[{"embeddable":true,"href":"https:\/\/noticiasdeangostura.com.ar\/index.php?rest_route=\/wp\/v2\/users\/1"}],"replies":[{"embeddable":true,"href":"https:\/\/noticiasdeangostura.com.ar\/index.php?rest_route=%2Fwp%2Fv2%2Fcomments&post=14760"}],"version-history":[{"count":0,"href":"https:\/\/noticiasdeangostura.com.ar\/index.php?rest_route=\/wp\/v2\/posts\/14760\/revisions"}],"wp:featuredmedia":[{"embeddable":true,"href":"https:\/\/noticiasdeangostura.com.ar\/index.php?rest_route=\/wp\/v2\/media\/14761"}],"wp:attachment":[{"href":"https:\/\/noticiasdeangostura.com.ar\/index.php?rest_route=%2Fwp%2Fv2%2Fmedia&parent=14760"}],"wp:term":[{"taxonomy":"category","embeddable":true,"href":"https:\/\/noticiasdeangostura.com.ar\/index.php?rest_route=%2Fwp%2Fv2%2Fcategories&post=14760"},{"taxonomy":"post_tag","embeddable":true,"href":"https:\/\/noticiasdeangostura.com.ar\/index.php?rest_route=%2Fwp%2Fv2%2Ftags&post=14760"}],"curies":[{"name":"wp","href":"https:\/\/api.w.org\/{rel}","templated":true}]}}