{"id":14762,"date":"2026-04-27T23:55:00","date_gmt":"2026-04-28T02:55:00","guid":{"rendered":"https:\/\/noticiasdeangostura.com.ar\/?p=14762"},"modified":"2026-04-27T23:55:00","modified_gmt":"2026-04-28T02:55:00","slug":"caso-paulina-lebbos-la-fiscalia-pidio-perpetua-para-su-exnovio-y-retiro-la-acusacion-contra-el-hijo-del-exsecretario-de-jose-alperovich","status":"publish","type":"post","link":"https:\/\/noticiasdeangostura.com.ar\/?p=14762","title":{"rendered":"Caso Paulina Lebbos: la fiscal\u00eda pidi\u00f3 perpetua para su exnovio y retir\u00f3 la acusaci\u00f3n contra el hijo del exsecretario de Jos\u00e9 Alperovich"},"content":{"rendered":"<p> <br \/>\n<br \/><\/p>\n<p>\t\t\t\t\t\tEn una causa atravesada por dos d\u00e9cadas de marchas, sospechas de encubrimiento institucional y un recorrido judicial marcado por demoras, el caso de Paulina Lebbos ingres\u00f3 en su etapa final. Ahora, durante la etapa de alegatos ante el tribunal integrado por los jueces Fabi\u00e1n Fradejas, Gustavo Romagnoli y Luis Morales Lezica, el Ministerio P\u00fablico Fiscal solicit\u00f3 la pena de prisi\u00f3n perpetua para C\u00e9sar Soto, expareja de la joven y ahora \u00fanico acusado en el banquillo.    El fiscal Carlos Sale fue tajante al reconstruir la madrugada del 26 de febrero de 2006. A partir de la acusaci\u00f3n, Paulina fue estrangulada manualmente en el departamento de Soto, ubicado en la calle Estados Unidos al 1200: \u00abLa relaci\u00f3n estaba atravesada por episodios previos. Fue un homicidio agravado por alevos\u00eda\u00bb, sostuvo Sale.    Adem\u00e1s, para la fiscal\u00eda, las pruebas son concluyentes: los registros telef\u00f3nicos ubican el celular de la v\u00edctima en el mismo rango de celdas que el del acusado tras la desaparici\u00f3n, los testimonios familiares dan cuenta de un v\u00ednculo atravesado por episodios de violencia de g\u00e9nero, y la mec\u00e1nica de muerte refuerza la hip\u00f3tesis de un ataque en la intimidad.<\/p>\n<p>        Esto no les gusta a los autoritarios<\/p>\n<p>                El ejercicio del periodismo profesional y cr\u00edtico es un pilar fundamental de la democracia. Por eso molesta a quienes creen ser los due\u00f1os de la verdad.<\/p>\n<p>    Triple crimen de Florencio Varela: \u00abSe\u00f1or J\u00bb qued\u00f3 sin procesamiento y cambi\u00f3 la situaci\u00f3n para dos acusados        Paulina termin\u00f3 la noche del 26 de febrero en el departamento de Soto (Estados Unidos al 1200)        El giro de la jornada fue el retiro de la acusaci\u00f3n contra Sergio Kale\u00f1uk, hijo del fallecido exsecretario privado del exgobernador Jos\u00e9 Alperovich. A pesar de a\u00f1os de sospechas que vinculaban a los denominados \u00abhijos del poder\u00bb con el descarte del cuerpo en la zona de Tapia, el fiscal Sale consider\u00f3 que no existen pruebas t\u00e9cnicas suficientes.    Su decisi\u00f3n se apoy\u00f3 en la ausencia de elementos objetivos que permitan sostener una participaci\u00f3n directa o indirecta en el hecho, seg\u00fan la valoraci\u00f3n del Ministerio P\u00fablico Fiscal.    As\u00ed, secundado por este movimiento, la fiscal\u00eda apuesta todo a la autor\u00eda material de Soto, dejando de lado \u2014en esta instancia espec\u00edfica\u2014 la conexi\u00f3n directa con el entorno pol\u00edtico que rode\u00f3 la causa durante casi 20 a\u00f1os.    Alberto Lebbos: \u00abSoto es el homicida, pero la impunidad sigue\u00bb    En la salida de los tribunales tucumanos, Alberto Lebbos, padre de Paulina y referente indiscutido de la lucha contra la injusticia en la provincia, manifest\u00f3 su firme respaldo al pedido de prisi\u00f3n perpetua formulado por la fiscal\u00eda contra C\u00e9sar Soto. \u00abSoto es el homicida, pero la impunidad sigue\u00bb, resumi\u00f3, enfatizando que \u00e9l mismo lo entreg\u00f3 a la Brigada de Investigaciones hace 20 a\u00f1os por sospechar de sus mentiras iniciales.    Sin embargo, el alivio por el avance contra el autor material no aplac\u00f3 la dura lectura que Lebbos mantiene sobre el sistema judicial y pol\u00edtico. Al referirse a la trama de encubrimiento, subray\u00f3 que si bien ya existen nueve condenas firmes contra funcionarios policiales y figuras pol\u00edticas, el panorama general sigue siendo desolador.    A la par, denunci\u00f3 que todav\u00eda quedan m\u00e1s de 40 personas imputadas en diversas causas paralelas que hoy se encuentran paralizadas o directamente prescriptas, lo que representa un \u00abvac\u00edo legal\u00bb que impide una justicia.        Luque volvi\u00f3 a declarar en el juicio por la muerte de Maradona: \u00abAunque Gianinna me odie, la entiendo\u00bb    Adem\u00e1s de ello, Lebbos dirigi\u00f3 sus cr\u00edticas m\u00e1s punzantes hacia las instituciones del Estado al calificar la situaci\u00f3n actual como un claro ejemplo de impunidad estructural. Seg\u00fan su visi\u00f3n, el sistema permite que quienes delinquen perciban que no habr\u00e1 consecuencias por sus actos, una realidad que atribuye en gran parte a la inacci\u00f3n de la Legislatura provincial, que no ha garantizado respuestas efectivas en todos estos a\u00f1os.        MV\/ML  <\/p>\n","protected":false},"excerpt":{"rendered":"<p>En una causa atravesada por dos d\u00e9cadas de marchas, sospechas de encubrimiento institucional y un recorrido judicial marcado por demoras, el caso de Paulina Lebbos ingres\u00f3 en su etapa final. Ahora, durante la etapa de alegatos ante el tribunal integrado por los jueces Fabi\u00e1n Fradejas, Gustavo Romagnoli y Luis Morales Lezica, el Ministerio P\u00fablico Fiscal [&hellip;]<\/p>\n","protected":false},"author":1,"featured_media":14763,"comment_status":"","ping_status":"","sticky":false,"template":"","format":"standard","meta":{"_monsterinsights_skip_tracking":false,"_monsterinsights_sitenote_active":false,"_monsterinsights_sitenote_note":"","_monsterinsights_sitenote_category":0,"footnotes":"","jetpack_publicize_message":"","jetpack_publicize_feature_enabled":true,"jetpack_social_post_already_shared":true,"jetpack_social_options":{"image_generator_settings":{"template":"highway","default_image_id":0,"font":"","enabled":false},"version":2}},"categories":[11],"tags":[],"class_list":["post-14762","post","type-post","status-publish","format-standard","has-post-thumbnail","hentry","category-actualidad"],"aioseo_notices":[],"jetpack_publicize_connections":[],"amp_enabled":true,"_links":{"self":[{"href":"https:\/\/noticiasdeangostura.com.ar\/index.php?rest_route=\/wp\/v2\/posts\/14762","targetHints":{"allow":["GET"]}}],"collection":[{"href":"https:\/\/noticiasdeangostura.com.ar\/index.php?rest_route=\/wp\/v2\/posts"}],"about":[{"href":"https:\/\/noticiasdeangostura.com.ar\/index.php?rest_route=\/wp\/v2\/types\/post"}],"author":[{"embeddable":true,"href":"https:\/\/noticiasdeangostura.com.ar\/index.php?rest_route=\/wp\/v2\/users\/1"}],"replies":[{"embeddable":true,"href":"https:\/\/noticiasdeangostura.com.ar\/index.php?rest_route=%2Fwp%2Fv2%2Fcomments&post=14762"}],"version-history":[{"count":0,"href":"https:\/\/noticiasdeangostura.com.ar\/index.php?rest_route=\/wp\/v2\/posts\/14762\/revisions"}],"wp:featuredmedia":[{"embeddable":true,"href":"https:\/\/noticiasdeangostura.com.ar\/index.php?rest_route=\/wp\/v2\/media\/14763"}],"wp:attachment":[{"href":"https:\/\/noticiasdeangostura.com.ar\/index.php?rest_route=%2Fwp%2Fv2%2Fmedia&parent=14762"}],"wp:term":[{"taxonomy":"category","embeddable":true,"href":"https:\/\/noticiasdeangostura.com.ar\/index.php?rest_route=%2Fwp%2Fv2%2Fcategories&post=14762"},{"taxonomy":"post_tag","embeddable":true,"href":"https:\/\/noticiasdeangostura.com.ar\/index.php?rest_route=%2Fwp%2Fv2%2Ftags&post=14762"}],"curies":[{"name":"wp","href":"https:\/\/api.w.org\/{rel}","templated":true}]}}