{"id":14774,"date":"2026-04-28T01:53:02","date_gmt":"2026-04-28T04:53:02","guid":{"rendered":"https:\/\/noticiasdeangostura.com.ar\/?p=14774"},"modified":"2026-04-28T01:53:02","modified_gmt":"2026-04-28T04:53:02","slug":"eliminacion-de-las-paso-algunos-gobernadores-ponen-en-duda-su-apoyo-a-la-reforma-electoral","status":"publish","type":"post","link":"https:\/\/noticiasdeangostura.com.ar\/?p=14774","title":{"rendered":"Eliminaci\u00f3n de las PASO: algunos gobernadores ponen en duda su apoyo a la reforma electoral"},"content":{"rendered":"<p> <br \/>\n<br \/><br \/>A las dudas que genera la eliminaci\u00f3n de las Primarias Abiertas Simult\u00e1neas y Obligatorias (PASO) en las fuerzas pol\u00edticas, se suman tambi\u00e9n los resquemores de los gobernadores, que por ahora toman distancia del proyecto oficialista.<br \/>\n    La discusi\u00f3n en torno a la eliminaci\u00f3n de las Primarias Abiertas Simult\u00e1neas y Obligatorias (PASO) se ha convertido en un campo de batalla pol\u00edtico en Argentina, donde las aguas se dividen entre aquellos que apoyan la iniciativa y quienes defienden su continuidad por el impacto electoral y pol\u00edtico que representa. Con la propuesta de Javier Milei en el centro, se anticipa un complejo debate en el Congreso. Lee tambi\u00e9n: Milei enviar\u00e1 ma\u00f1ana al Congreso la reforma electoral que busca eliminar las PASO Desde que Milei present\u00f3 el proyecto, se levantaron voces a favor y en contra de la medida. Entre ellos se destacan gobernadores que tradicionalmente han apoyado al gobierno pero que ahora toman posturas m\u00e1s cr\u00edticas debido a las implicaciones de esta reforma. En particular, algunos mandatarios temen que la supresi\u00f3n de las PASO pueda limitar la expresi\u00f3n pol\u00edtica de los ciudadanos y eliminar una vital herramienta para el ordenamiento de los partidos pol\u00edticos. El gobernador de Tucum\u00e1n, Osvaldo Jaldo, ha expresado abiertamente su oposici\u00f3n, afirmando que el gobierno busca dise\u00f1ar un sistema electoral a medida, lo que considera perjudicial para el pluralismo pol\u00edtico.Por otro lado, la situaci\u00f3n es incierta en regiones como Catamarca y Santa Fe, donde los l\u00edderes locales muestran menos claridad en sus posiciones. En Catamarca, un portavoz se\u00f1al\u00f3 que es crucial debatir estas cuestiones al interior de los partidos pol\u00edticos. Este sentimiento resuena con viejas nociones de autonom\u00eda y democracia interna en las organizaciones pol\u00edticas que podr\u00edan verse amenazadas sin la existencia de las PASO.En medio de tales tensiones, el bloque Provincias Unidas en el Congreso se perfila como un actor crucial. Compuesto por legisladores de distintos partidos y fuerzas pol\u00edticas, su postura respecto al tema podr\u00eda inclinar la balanza. Este grupo ha demostrado tener un papel determinante en legislaciones anteriores gracias a su n\u00famero y cohesi\u00f3n dentro de un panorama fracturado pol\u00edticamente. De hecho, miembros del bloque han propuesto revisiones al sistema actual en lugar de su eliminaci\u00f3n, sugiriendo mantener las elecciones primarias pero sin car\u00e1cter obligatorio.La cancelaci\u00f3n de las PASO es vista por algunos sectores como una estrategia para reverdecer alianzas electorales sin el filtro de una primera vuelta, algo que la Unidad C\u00edvica Radical (UCR) ya ha denunciado. Esta postura refleja la peculiaridad del sistema pol\u00edtico argentino, caracterizado por una maquinaria porosa y frecuentemente controvertida en t\u00e9rminos de reformas electorales.<\/p>\n","protected":false},"excerpt":{"rendered":"<p>A las dudas que genera la eliminaci\u00f3n de las Primarias Abiertas Simult\u00e1neas y Obligatorias (PASO) en las fuerzas pol\u00edticas, se suman tambi\u00e9n los resquemores de los gobernadores, que por ahora toman distancia del proyecto oficialista. La discusi\u00f3n en torno a la eliminaci\u00f3n de las Primarias Abiertas Simult\u00e1neas y Obligatorias (PASO) se ha convertido en un [&hellip;]<\/p>\n","protected":false},"author":1,"featured_media":14775,"comment_status":"","ping_status":"","sticky":false,"template":"","format":"standard","meta":{"_monsterinsights_skip_tracking":false,"_monsterinsights_sitenote_active":false,"_monsterinsights_sitenote_note":"","_monsterinsights_sitenote_category":0,"footnotes":"","jetpack_publicize_message":"","jetpack_publicize_feature_enabled":true,"jetpack_social_post_already_shared":true,"jetpack_social_options":{"image_generator_settings":{"template":"highway","default_image_id":0,"font":"","enabled":false},"version":2}},"categories":[5],"tags":[],"class_list":["post-14774","post","type-post","status-publish","format-standard","has-post-thumbnail","hentry","category-politica"],"aioseo_notices":[],"jetpack_publicize_connections":[],"amp_enabled":true,"_links":{"self":[{"href":"https:\/\/noticiasdeangostura.com.ar\/index.php?rest_route=\/wp\/v2\/posts\/14774","targetHints":{"allow":["GET"]}}],"collection":[{"href":"https:\/\/noticiasdeangostura.com.ar\/index.php?rest_route=\/wp\/v2\/posts"}],"about":[{"href":"https:\/\/noticiasdeangostura.com.ar\/index.php?rest_route=\/wp\/v2\/types\/post"}],"author":[{"embeddable":true,"href":"https:\/\/noticiasdeangostura.com.ar\/index.php?rest_route=\/wp\/v2\/users\/1"}],"replies":[{"embeddable":true,"href":"https:\/\/noticiasdeangostura.com.ar\/index.php?rest_route=%2Fwp%2Fv2%2Fcomments&post=14774"}],"version-history":[{"count":0,"href":"https:\/\/noticiasdeangostura.com.ar\/index.php?rest_route=\/wp\/v2\/posts\/14774\/revisions"}],"wp:featuredmedia":[{"embeddable":true,"href":"https:\/\/noticiasdeangostura.com.ar\/index.php?rest_route=\/wp\/v2\/media\/14775"}],"wp:attachment":[{"href":"https:\/\/noticiasdeangostura.com.ar\/index.php?rest_route=%2Fwp%2Fv2%2Fmedia&parent=14774"}],"wp:term":[{"taxonomy":"category","embeddable":true,"href":"https:\/\/noticiasdeangostura.com.ar\/index.php?rest_route=%2Fwp%2Fv2%2Fcategories&post=14774"},{"taxonomy":"post_tag","embeddable":true,"href":"https:\/\/noticiasdeangostura.com.ar\/index.php?rest_route=%2Fwp%2Fv2%2Ftags&post=14774"}],"curies":[{"name":"wp","href":"https:\/\/api.w.org\/{rel}","templated":true}]}}