{"id":14776,"date":"2026-04-28T01:54:50","date_gmt":"2026-04-28T04:54:50","guid":{"rendered":"https:\/\/noticiasdeangostura.com.ar\/?p=14776"},"modified":"2026-04-28T01:54:50","modified_gmt":"2026-04-28T04:54:50","slug":"la-crisis-textil-se-profundiza-la-produccion-cayo-33-y-siete-de-cada-diez-maquinas-estan-paradas","status":"publish","type":"post","link":"https:\/\/noticiasdeangostura.com.ar\/?p=14776","title":{"rendered":"La crisis textil se profundiza: la producci\u00f3n cay\u00f3 33% y siete de cada diez m\u00e1quinas est\u00e1n paradas"},"content":{"rendered":"<p> <br \/>\n<br \/><\/p>\n<div>\n<p><strong>La industria textil volvi\u00f3 a mostrar indicadores negativos<\/strong> y profundiz\u00f3 la <strong>crisis que atraviesa desde hace dos a\u00f1os. <\/strong>Seg\u00fan un informe de la Fundaci\u00f3n Pro Tejer, <strong>la <a href=\"https:\/\/www.alertadigital.ar\/noticias\/2026\/04\/23\/162579-los-numeros-del-indec-son-lapidarios-como-cae-la-industria-y-el-comercio\">producci\u00f3n industrial<\/a> textil cay\u00f3 33% interanual en febrero y se ubic\u00f3 36% <\/strong>por debajo del mismo mes de 2023. La fabricaci\u00f3n de prendas de vestir, cuero y calzado tambi\u00e9n registr\u00f3 una baja del 18% frente a 2025 y del 20% respecto de 2023.<\/p>\n<p>El informe se\u00f1al\u00f3 que el sector opera con niveles elevados de <strong>capacidad ociosa<\/strong>. En promedio, seis de cada diez m\u00e1quinas textiles permanecieron paradas durante 2024 y 2025, y en los \u00faltimos meses esa relaci\u00f3n lleg\u00f3 a siete de cada diez equipos sin actividad. Para Pro Tejer, el dato refleja el impacto de la retracci\u00f3n de la demanda sobre una industria que ven\u00eda de un ciclo de inversiones y modernizaci\u00f3n tecnol\u00f3gica entre 2021 y 2023.<\/p>\n<p>La entidad atribuy\u00f3 el deterioro a una combinaci\u00f3n de factores. Entre ellos mencion\u00f3 la debilidad del consumo interno, asociada a la p\u00e9rdida de poder adquisitivo, al deterioro del mercado laboral y al peso creciente de gastos b\u00e1sicos como servicios, alquileres, salud y educaci\u00f3n. En ese contexto, la compra de indumentaria y textiles para el hogar qued\u00f3 relegada dentro del presupuesto de los hogares.<\/p>\n<p>Otro punto se\u00f1alado por<strong> Pro Tejer<\/strong> es el cambio en las condiciones comerciales. Seg\u00fan el informe, durante 2025 las <strong>importaciones de ropa y confecciones para el hogar<\/strong> crecieron 185% en cantidades, mientras que en 2026 la tendencia continu\u00f3 al alza, con ingresos a valores bajos y, en algunos casos, por debajo de precios de referencia. La entidad advirti\u00f3 que esa din\u00e1mica puede generar condiciones de competencia desleal por el debilitamiento de los instrumentos de regulaci\u00f3n comercial y control aduanero.<\/p>\n<p>El <strong>crecimiento de las compras en plataformas digitales internacionales<\/strong> y del r\u00e9gimen de env\u00edos puerta a puerta tambi\u00e9n aparece como un factor de presi\u00f3n para la producci\u00f3n local. Seg\u00fan Pro Tejer, los env\u00edos por courier de bienes crecieron 274% en 2025 respecto de 2024 y alcanzaron m\u00e1ximos hist\u00f3ricos. Para la fundaci\u00f3n, en un contexto de sobreoferta global de productos textiles, Argentina se convirti\u00f3 en un destino m\u00e1s atractivo para excedentes exportables.<\/p>\n<h2>La competitividad<\/h2>\n<p>El informe tambi\u00e9n marc\u00f3 el efecto del tipo de cambio real sobre la competitividad. Pro Tejer sostuvo que la apreciaci\u00f3n cambiaria incrementa los incentivos a importar y reduce la capacidad exportadora del sector. A eso sum\u00f3 la postergaci\u00f3n de una reforma impositiva que alivie la carga fiscal sobre la producci\u00f3n nacional. Seg\u00fan la entidad, en una prenda vendida en un shopping, cerca del 50% del precio final corresponde a impuestos.<\/p>\n<p>Las consecuencias ya se reflejan en el empleo y en la estructura empresarial. A diciembre de 2025, la cadena textil, de indumentaria, cuero y calzado perdi\u00f3 m\u00e1s de 20.700 puestos de trabajo registrados respecto de 2023, una ca\u00edda del 17%. Adem\u00e1s, cerraron m\u00e1s de 659 empresas industriales del sector, equivalentes al 11% de los establecimientos productivos.<\/p>\n<p>El diagn\u00f3stico de Pro Tejer se inscribe en un contexto m\u00e1s amplio de desempe\u00f1o desigual de la econom\u00eda. Mientras algunos sectores muestran recuperaci\u00f3n, la industria y el comercio contin\u00faan con ca\u00eddas significativas. Un sondeo de Reuters sobre la actividad de febrero marc\u00f3 que el \u00cdndice de Producci\u00f3n Industrial manufacturero cay\u00f3 8,7% interanual y 4% mensual, lo que confirma la persistencia de dificultades en parte del entramado productivo.<\/p>\n<\/div>\n","protected":false},"excerpt":{"rendered":"<p>La industria textil volvi\u00f3 a mostrar indicadores negativos y profundiz\u00f3 la crisis que atraviesa desde hace dos a\u00f1os. Seg\u00fan un informe de la Fundaci\u00f3n Pro Tejer, la producci\u00f3n industrial textil cay\u00f3 33% interanual en febrero y se ubic\u00f3 36% por debajo del mismo mes de 2023. La fabricaci\u00f3n de prendas de vestir, cuero y calzado [&hellip;]<\/p>\n","protected":false},"author":1,"featured_media":14777,"comment_status":"","ping_status":"","sticky":false,"template":"","format":"standard","meta":{"_monsterinsights_skip_tracking":false,"_monsterinsights_sitenote_active":false,"_monsterinsights_sitenote_note":"","_monsterinsights_sitenote_category":0,"footnotes":"","jetpack_publicize_message":"","jetpack_publicize_feature_enabled":true,"jetpack_social_post_already_shared":true,"jetpack_social_options":{"image_generator_settings":{"template":"highway","default_image_id":0,"font":"","enabled":false},"version":2}},"categories":[1],"tags":[],"class_list":["post-14776","post","type-post","status-publish","format-standard","has-post-thumbnail","hentry","category-ultimas-noticias"],"aioseo_notices":[],"jetpack_publicize_connections":[],"amp_enabled":true,"_links":{"self":[{"href":"https:\/\/noticiasdeangostura.com.ar\/index.php?rest_route=\/wp\/v2\/posts\/14776","targetHints":{"allow":["GET"]}}],"collection":[{"href":"https:\/\/noticiasdeangostura.com.ar\/index.php?rest_route=\/wp\/v2\/posts"}],"about":[{"href":"https:\/\/noticiasdeangostura.com.ar\/index.php?rest_route=\/wp\/v2\/types\/post"}],"author":[{"embeddable":true,"href":"https:\/\/noticiasdeangostura.com.ar\/index.php?rest_route=\/wp\/v2\/users\/1"}],"replies":[{"embeddable":true,"href":"https:\/\/noticiasdeangostura.com.ar\/index.php?rest_route=%2Fwp%2Fv2%2Fcomments&post=14776"}],"version-history":[{"count":0,"href":"https:\/\/noticiasdeangostura.com.ar\/index.php?rest_route=\/wp\/v2\/posts\/14776\/revisions"}],"wp:featuredmedia":[{"embeddable":true,"href":"https:\/\/noticiasdeangostura.com.ar\/index.php?rest_route=\/wp\/v2\/media\/14777"}],"wp:attachment":[{"href":"https:\/\/noticiasdeangostura.com.ar\/index.php?rest_route=%2Fwp%2Fv2%2Fmedia&parent=14776"}],"wp:term":[{"taxonomy":"category","embeddable":true,"href":"https:\/\/noticiasdeangostura.com.ar\/index.php?rest_route=%2Fwp%2Fv2%2Fcategories&post=14776"},{"taxonomy":"post_tag","embeddable":true,"href":"https:\/\/noticiasdeangostura.com.ar\/index.php?rest_route=%2Fwp%2Fv2%2Ftags&post=14776"}],"curies":[{"name":"wp","href":"https:\/\/api.w.org\/{rel}","templated":true}]}}