{"id":14778,"date":"2026-04-28T01:56:00","date_gmt":"2026-04-28T04:56:00","guid":{"rendered":"https:\/\/noticiasdeangostura.com.ar\/?p=14778"},"modified":"2026-04-28T01:56:00","modified_gmt":"2026-04-28T04:56:00","slug":"milei-recibio-el-premio-libertad-2026-repudio-el-ataque-a-trump-y-apunto-contra-la-izquierda","status":"publish","type":"post","link":"https:\/\/noticiasdeangostura.com.ar\/?p=14778","title":{"rendered":"Milei recibi\u00f3 el Premio Libertad 2026, repudi\u00f3 el ataque a Trump y apunt\u00f3 contra la izquierda"},"content":{"rendered":"<p> <br \/>\n<br \/><\/p>\n<p>\t\t\t\t\t\tAnte la atenta mirada del c\u00edrculo rojo y los principales referentes del liberalismo, el presidente Javier Milei se present\u00f3 este lunes como el orador principal de la cena anual de la Fundaci\u00f3n Libertad en Parque Norte. All\u00ed, el mandatario recibi\u00f3 el \u00abPremio Libertad 2026&#8243;, aunque antes de sumergirse en una f\u00e9rrea defensa de su motosierra econ\u00f3mica y lanzar una dura advertencia sobre el marxismo, el jefe de Estado inaugur\u00f3 su discurso con un contundente y en\u00e9rgico repudio al reciente ataque perpetrado contra Donald Trump.    \u201cCometimos un error de creer que con la evidencia de la ca\u00edda del muro de Berl\u00edn alcanzaba. Lo que hizo el marxismo fue reconstruirse y trasladar la lucha de clases y terminaron tomando la escena\u00bb, teoriz\u00f3 el mandatario. En ese sentido, remarc\u00f3 que el objetivo de su gesti\u00f3n es \u00abdemostrar que las ideas de la libertad funcionan\u00bb y destac\u00f3 la importancia de instituciones como la Fundaci\u00f3n Libertad para dar la \u00abbatalla cultural\u00bb.        Al profundizar sobre el rol de la izquierda en la actualidad, Milei lanz\u00f3 una dura advertencia: \u201cLos avances que hemos hecho son tan grandes que les empezamos a ganar en las urnas y eso los tiene profundamente violentos. Por eso no tienen problema en recurrir a la violencia. No tienen problema en matarnos, si es necesario\u201d, sentenci\u00f3 ante un auditorio expectante.<\/p>\n<p>        Esto no les gusta a los autoritarios<\/p>\n<p>                El ejercicio del periodismo profesional y cr\u00edtico es un pilar fundamental de la democracia. Por eso molesta a quienes creen ser los due\u00f1os de la verdad.<\/p>\n<p>    En el terreno econ\u00f3mico, sac\u00f3 pecho por el rumbo de su administraci\u00f3n y elogi\u00f3 fuertemente a su ministro de Econom\u00eda. \u201cNosotros pusimos en orden las cuentas del sector p\u00fablico gracias a la enorme tarea del gigante que tengo como ministro, el se\u00f1or [Luis] &#8216;Toto&#8217; Caputo, que ajust\u00f3 cinco puntos en un mes\u201d, celebr\u00f3. Adem\u00e1s, remarc\u00f3 que el Gobierno le devolvi\u00f3 a los argentinos \u00abm\u00e1s de 15 puntos del PBI\u00bb y defendi\u00f3 a rajatabla la solvencia fiscal de su gesti\u00f3n.        Al referirse al financiamiento estatal, fue categ\u00f3rico al calificar la toma de deuda como un acto \u00abprofundamente inmoral\u00bb, ya que implica \u00abirse de fiesta y dej\u00e1rsela a sus nietos\u00bb. A su vez, Milei carg\u00f3 contra el kirchnerismo al responsabilizarlo por el \u00abgrueso del pasivo nacional\u00bb y contrastarlo con los n\u00fameros de la gesti\u00f3n del PRO. Frente a esto, proyect\u00f3 un escenario financiero sumamente optimista: \u00abVamos a honrar las deudas. Tarde o temprano, el riesgo pa\u00eds se va a destrozar\u00bb.    El extenso discurso tambi\u00e9n incluy\u00f3 dardos venenosos hacia el sector industrial, con cr\u00edticas expl\u00edcitas a los empresarios Javier Madanes Quintanilla (Fate) y Paolo Rocca (Techint). \u00ab\u00bfPor qu\u00e9 yo deber\u00eda beneficiar a tres corruptos ineficientes en contra de 48 millones de argentinos?\u00bb, se pregunt\u00f3 el Presidente. En esa l\u00ednea, cuestion\u00f3 que los ciudadanos paguen los neum\u00e1ticos y los tubos de acero varias veces m\u00e1s caros para sostener un esquema que luego se traslada directamente al costo del transporte nacional.        En su af\u00e1n por defender el modelo, Milei renov\u00f3 sus habituales ataques contra la prensa y la oposici\u00f3n, pidiendo no dejarse \u00abpsicopatear por los kukas\u00bb ni comprarle \u00abla mentira a los periodistas ensobrados y corruptos\u00bb. Sobre el cierre, con un tono de euforia, ratific\u00f3 que la inflaci\u00f3n continuar\u00e1 en descenso y sell\u00f3 una firme promesa ante el auditorio liberal: \u00abVamos a hacer de Argentina el pa\u00eds m\u00e1s libre del mundo\u00bb.    El multitudinario encuentro en Parque Norte cont\u00f3 adem\u00e1s con la participaci\u00f3n del ensayista peruano \u00c1lvaro Vargas Llosa (primog\u00e9nito del Nobel de Literatura) y, a trav\u00e9s de una videoconferencia, la Premio Nobel de la Paz y dirigente venezolana Mar\u00eda Corina Machado.    La noche pol\u00edtica estuvo fuertemente marcada por la expectativa de un posible cruce del Presidente con Mauricio Macri. El l\u00edder del PRO levant\u00f3 considerablemente su perfil p\u00fablico en el \u00faltimo tiempo y se lanz\u00f3 a una gira por las provincias, un movimiento que aliment\u00f3 fuertes especulaciones sobre una eventual candidatura de cara al 2027. Adem\u00e1s del exmandatario, dieron el presente la senadora Patricia Bullrich, el ministro de Desregulaci\u00f3n, Federico Sturzenegger, y el gobernador de Santa Fe, Maximiliano Pullaro, entre otras figuras de peso.        Funcionarios que acompa\u00f1aron al presidente en la cena anual de la Fundaci\u00f3n Libertad        La confianza en el Gobierno de Javier Milei se desplom\u00f3 12% y marc\u00f3 la quinta ca\u00edda consecutiva    El discurso de Mauricio Macri y la mirada sobre Venezuela    Previo a la irrupci\u00f3n del jefe de Estado, Macri acapar\u00f3 la atenci\u00f3n del escenario principal junto a Mario Vargas Llosa. Tras la proyecci\u00f3n de un mensaje virtual de la dirigente Mar\u00eda Corina Machado, el l\u00edder del PRO tom\u00f3 el micr\u00f3fono para reflexionar sobre el presente venezolano. \u201cQu\u00e9 importante que es cuando los habitantes de un pa\u00eds no se resignan, vuelven a recuperar la libertad, aunque sea parcialmente, como en este caso\u201d, destac\u00f3 en el inicio de su alocuci\u00f3n.    En su diagn\u00f3stico, el exmandatario fue cauto y aclar\u00f3 que en la naci\u00f3n caribe\u00f1a a\u00fan falta consolidar una democracia total, con enormes desaf\u00edos por delante. Desde all\u00ed, le envi\u00f3 una fuerte se\u00f1al a la comunidad internacional: le advirti\u00f3 a los Estados Unidos que no deben conformarse con el aparente acercamiento diplom\u00e1tico del actual Gobierno de transici\u00f3n y exigi\u00f3 que se defina r\u00e1pidamente un cronograma electoral claro y transparente.        Javier Milei recibi\u00f3 el Premio Libertad 2026        Durante su an\u00e1lisis, no escatim\u00f3 elogios para la tenacidad de la referente antichavista. \u201cMar\u00eda Corina es un gran ejemplo para todos los dirigentes que est\u00e1n ac\u00e1 de que lo importante es el para qu\u00e9\u201d, subray\u00f3 Macri, dejando un dardo conceptual que sirvi\u00f3 para remarcar, en clave de pol\u00edtica local, que los proyectos y objetivos deben primar por encima de las individualidades.    Por \u00faltimo, al evaluar el panorama continental, el expresidente exhibi\u00f3 un marcado optimismo al sentenciar que \u00abel populismo se est\u00e1 agotando\u00bb. Seg\u00fan su visi\u00f3n, el desgaste del modelo del Estado paternalista le abri\u00f3 la puerta a la consolidaci\u00f3n de las ideas de derecha. A modo de cierre, subray\u00f3 que en medio de las fuertes tensiones globales en el Golfo, Am\u00e9rica Latina tiene la inmejorable oportunidad de posicionarse como un refugio de paz, siempre que logre proyectar previsibilidad e inspirar confianza real para atraer inversiones.        TC\/ML  <\/p>\n","protected":false},"excerpt":{"rendered":"<p>Ante la atenta mirada del c\u00edrculo rojo y los principales referentes del liberalismo, el presidente Javier Milei se present\u00f3 este lunes como el orador principal de la cena anual de la Fundaci\u00f3n Libertad en Parque Norte. All\u00ed, el mandatario recibi\u00f3 el \u00abPremio Libertad 2026&#8243;, aunque antes de sumergirse en una f\u00e9rrea defensa de su motosierra [&hellip;]<\/p>\n","protected":false},"author":1,"featured_media":14779,"comment_status":"","ping_status":"","sticky":false,"template":"","format":"standard","meta":{"_monsterinsights_skip_tracking":false,"_monsterinsights_sitenote_active":false,"_monsterinsights_sitenote_note":"","_monsterinsights_sitenote_category":0,"footnotes":"","jetpack_publicize_message":"","jetpack_publicize_feature_enabled":true,"jetpack_social_post_already_shared":true,"jetpack_social_options":{"image_generator_settings":{"template":"highway","default_image_id":0,"font":"","enabled":false},"version":2}},"categories":[11],"tags":[],"class_list":["post-14778","post","type-post","status-publish","format-standard","has-post-thumbnail","hentry","category-actualidad"],"aioseo_notices":[],"jetpack_publicize_connections":[],"amp_enabled":true,"_links":{"self":[{"href":"https:\/\/noticiasdeangostura.com.ar\/index.php?rest_route=\/wp\/v2\/posts\/14778","targetHints":{"allow":["GET"]}}],"collection":[{"href":"https:\/\/noticiasdeangostura.com.ar\/index.php?rest_route=\/wp\/v2\/posts"}],"about":[{"href":"https:\/\/noticiasdeangostura.com.ar\/index.php?rest_route=\/wp\/v2\/types\/post"}],"author":[{"embeddable":true,"href":"https:\/\/noticiasdeangostura.com.ar\/index.php?rest_route=\/wp\/v2\/users\/1"}],"replies":[{"embeddable":true,"href":"https:\/\/noticiasdeangostura.com.ar\/index.php?rest_route=%2Fwp%2Fv2%2Fcomments&post=14778"}],"version-history":[{"count":0,"href":"https:\/\/noticiasdeangostura.com.ar\/index.php?rest_route=\/wp\/v2\/posts\/14778\/revisions"}],"wp:featuredmedia":[{"embeddable":true,"href":"https:\/\/noticiasdeangostura.com.ar\/index.php?rest_route=\/wp\/v2\/media\/14779"}],"wp:attachment":[{"href":"https:\/\/noticiasdeangostura.com.ar\/index.php?rest_route=%2Fwp%2Fv2%2Fmedia&parent=14778"}],"wp:term":[{"taxonomy":"category","embeddable":true,"href":"https:\/\/noticiasdeangostura.com.ar\/index.php?rest_route=%2Fwp%2Fv2%2Fcategories&post=14778"},{"taxonomy":"post_tag","embeddable":true,"href":"https:\/\/noticiasdeangostura.com.ar\/index.php?rest_route=%2Fwp%2Fv2%2Ftags&post=14778"}],"curies":[{"name":"wp","href":"https:\/\/api.w.org\/{rel}","templated":true}]}}