{"id":14784,"date":"2026-04-28T02:50:52","date_gmt":"2026-04-28T05:50:52","guid":{"rendered":"https:\/\/noticiasdeangostura.com.ar\/?p=14784"},"modified":"2026-04-28T02:50:52","modified_gmt":"2026-04-28T05:50:52","slug":"el-ifd-16-realizo-la-segunda-edicion-de-las-jornadas-de-educacion-inclusiva","status":"publish","type":"post","link":"https:\/\/noticiasdeangostura.com.ar\/?p=14784","title":{"rendered":"El IFD 16 realiz\u00f3 la segunda edici\u00f3n de las Jornadas de Educaci\u00f3n Inclusiva"},"content":{"rendered":"<p> <br \/>\n<br \/><\/p>\n<p>Unas 300 personas participaron de dos d\u00edas de formaci\u00f3n e intercambio de experiencias situadas en torno a la accesibilidad dentro de los contextos escolares. Fueron parte docentes y estudiantes de nivel Superior de diferentes localidades.\u00a0<\/p>\n<div>\n<p>Durante la semana pasada el Instituto de Formaci\u00f3n Docente N\u00b016 de Las Ovejas llev\u00f3 adelante las \u201cII Jornadas de Educaci\u00f3n Inclusiva\u201d con la intenci\u00f3n de intercambiar experiencias institucionales. Adem\u00e1s, se dict\u00f3 un taller a cargo de la referente nacional <strong>Mar\u00eda Jos\u00e9 Borsani<\/strong>, profesora de educaci\u00f3n especial y Terapista Ocupacional en Salud Mental de la Universidad Nacional de Rosario (UNR).<\/p>\n<p>Se inscribieron para ser parte de la iniciativa 300 personas, entre docentes, estudiantes del IFD y de la Tecnicatura Superior en Agroecolog\u00eda de Huinganco, equipos directivos y de acompa\u00f1amiento de establecimientos escolares de localidades como Chos Malal, Buta Ranquil, Rinc\u00f3n de los Sauces, Alumin\u00e9 y Neuqu\u00e9n capital. El epicentro de las jornadas fue el Sal\u00f3n de Actividad F\u00edsica (SAF) del CPEM N\u00b0 11 de Andacollo.<\/p>\n<p>La directora provincial de Educaci\u00f3n Superior, <strong>Ana Laura Sotz<\/strong>, particip\u00f3 de la apertura de las actividades y se dirigi\u00f3 a las y los participantes: <em>\u201cEl Consejo Provincial de Educaci\u00f3n y la ministra <strong>Soledad Mart\u00ednez<\/strong> sostienen un gran compromiso con la inclusi\u00f3n educativa, que es un eje transversal para la formaci\u00f3n docente, considerando que se est\u00e1 trabajando en la revisi\u00f3n y evaluaci\u00f3n de nuestro dise\u00f1o curricular\u201d<\/em>.<\/p>\n<p>En torno a la importancia que reviste la accesibilidad, Sotz resalt\u00f3 que <em>\u201cla lucha contra las injusticias hist\u00f3ricas es el motor de la gesti\u00f3n provincial y gobernar en clave inclusiva implica priorizar decisiones que corrigen desigualdades pasadas dentro de todo nuestro sistema educativo\u201d.<\/em> M\u00e1s adelante agreg\u00f3 que <em>\u201ccelebramos much\u00edsimo este espacio y la gran participaci\u00f3n, porque hoy nos convoca la urgencia del cambio para transformar pr\u00e1cticas, normas y culturas, para que la Educaci\u00f3n sea realmente para todas y todos\u201d<\/em>.<\/p>\n<p>En ese sentido, la funcionaria destac\u00f3 la importancia de compartir y visibilizar experiencias institucionales durante ambas jornadas para potenciar el conocimiento territorial, <em>\u201caprender, replicar, mejorar y copiar lo que se ha hecho en otros lugares\u201d<\/em>. Adem\u00e1s aclar\u00f3 que uno de los objetivos fue <em>\u201cla exposici\u00f3n de quienes vienen trabajando desde antes para que quienes est\u00e1n en proceso de innovaci\u00f3n encuentren apoyo; entendiendo que la educaci\u00f3n verdaderamente inclusiva es posible cuando priorizamos la accesibilidad en sentido amplio -y para ello es necesario que- sigamos construyendo escuelas que celebren la diversidad y garanticen el derecho de todos y todas aprender y participar plenamente\u201d.<\/em><\/p>\n<p>Por otro lado, los referentes del equipo de gobierno institucional <strong>Gustavo Jarpa<\/strong> y <strong>Natalia Bossio<\/strong> agradecieron y reconocieron el compromiso e inversi\u00f3n que realiz\u00f3 el CPE para garantizar el espacio de encuentro, incluyendo la participaci\u00f3n de Borsani. Igualmente resaltaron la importancia de los proyectos que participaron y el trabajo intersectorial que se da con otras instituciones, incluida la direcci\u00f3n de nivel.<\/p>\n<p>La organizaci\u00f3n de las Jornadas de Educaci\u00f3n Inclusiva fue gestionada en articulaci\u00f3n con la Escuela Especial N\u00b0 16 de Andacollo y la supervisi\u00f3n especial zona norte.<\/p>\n<\/p><\/div>\n<p><script type=\"f0c9684a283bbb756976254d-text\/javascript\">\n    window.addEventListener('load', () => {\n        if (typeof FB !== 'undefined' && FB.init) {\n            \/\/ La SDK de Facebook est\u00e1 inicializada\n        } else {\n            \/\/ La SDK de Facebook no est\u00e1 inicializada\n            var script = document.createElement('script');\n            script.async = true;\n            script.defer = true;\n            script.crossOrigin = 'anonymous';\n            script.src=\"https:\/\/connect.facebook.net\/es_LA\/sdk.js#xfbml=1&version=v17.0&appId=868452105110858&autoLogAppEvents=1\";\n            script.nonce=\"eBgX2sTe\";\n            document.head.appendChild(script);\n        }\n        \/* FIX YOUTUBE (fix width) *\/\n        var youtubeIframes = document.querySelectorAll('iframe[src*=\"youtube.com\/embed\"]');\n        youtubeIframes.forEach(function(iframe) {\n            var containerWidth = iframe.parentElement.clientWidth || iframe.parentElement.offsetWidth;\n            if(containerWidth && iframe.width > containerWidth){\n                iframe.width = containerWidth;\n                iframe.height = (containerWidth \/ 16) * 9; \/\/ Assuming a 16:9 aspect ratio\n            }\n        });\n    });\n<\/script><\/p>\n","protected":false},"excerpt":{"rendered":"<p>Unas 300 personas participaron de dos d\u00edas de formaci\u00f3n e intercambio de experiencias situadas en torno a la accesibilidad dentro de los contextos escolares. Fueron parte docentes y estudiantes de nivel Superior de diferentes localidades.\u00a0 Durante la semana pasada el Instituto de Formaci\u00f3n Docente N\u00b016 de Las Ovejas llev\u00f3 adelante las \u201cII Jornadas de Educaci\u00f3n [&hellip;]<\/p>\n","protected":false},"author":1,"featured_media":14785,"comment_status":"","ping_status":"","sticky":false,"template":"","format":"standard","meta":{"_monsterinsights_skip_tracking":false,"_monsterinsights_sitenote_active":false,"_monsterinsights_sitenote_note":"","_monsterinsights_sitenote_category":0,"footnotes":"","jetpack_publicize_message":"","jetpack_publicize_feature_enabled":true,"jetpack_social_post_already_shared":true,"jetpack_social_options":{"image_generator_settings":{"template":"highway","default_image_id":0,"font":"","enabled":false},"version":2}},"categories":[4],"tags":[529,56,1165,2549,454,129,173,817],"class_list":["post-14784","post","type-post","status-publish","format-standard","has-post-thumbnail","hentry","category-regionales","tag-edicion","tag-educacion","tag-ifd","tag-inclusiva","tag-jornadas","tag-las","tag-realizo","tag-segunda"],"aioseo_notices":[],"jetpack_publicize_connections":[],"amp_enabled":true,"_links":{"self":[{"href":"https:\/\/noticiasdeangostura.com.ar\/index.php?rest_route=\/wp\/v2\/posts\/14784","targetHints":{"allow":["GET"]}}],"collection":[{"href":"https:\/\/noticiasdeangostura.com.ar\/index.php?rest_route=\/wp\/v2\/posts"}],"about":[{"href":"https:\/\/noticiasdeangostura.com.ar\/index.php?rest_route=\/wp\/v2\/types\/post"}],"author":[{"embeddable":true,"href":"https:\/\/noticiasdeangostura.com.ar\/index.php?rest_route=\/wp\/v2\/users\/1"}],"replies":[{"embeddable":true,"href":"https:\/\/noticiasdeangostura.com.ar\/index.php?rest_route=%2Fwp%2Fv2%2Fcomments&post=14784"}],"version-history":[{"count":0,"href":"https:\/\/noticiasdeangostura.com.ar\/index.php?rest_route=\/wp\/v2\/posts\/14784\/revisions"}],"wp:featuredmedia":[{"embeddable":true,"href":"https:\/\/noticiasdeangostura.com.ar\/index.php?rest_route=\/wp\/v2\/media\/14785"}],"wp:attachment":[{"href":"https:\/\/noticiasdeangostura.com.ar\/index.php?rest_route=%2Fwp%2Fv2%2Fmedia&parent=14784"}],"wp:term":[{"taxonomy":"category","embeddable":true,"href":"https:\/\/noticiasdeangostura.com.ar\/index.php?rest_route=%2Fwp%2Fv2%2Fcategories&post=14784"},{"taxonomy":"post_tag","embeddable":true,"href":"https:\/\/noticiasdeangostura.com.ar\/index.php?rest_route=%2Fwp%2Fv2%2Ftags&post=14784"}],"curies":[{"name":"wp","href":"https:\/\/api.w.org\/{rel}","templated":true}]}}