{"id":14786,"date":"2026-04-28T02:56:08","date_gmt":"2026-04-28T05:56:08","guid":{"rendered":"https:\/\/noticiasdeangostura.com.ar\/?p=14786"},"modified":"2026-04-28T02:56:08","modified_gmt":"2026-04-28T05:56:08","slug":"finalizo-la-entrega-de-lentes-a-ninas-y-ninos-tras-controles-visuales","status":"publish","type":"post","link":"https:\/\/noticiasdeangostura.com.ar\/?p=14786","title":{"rendered":"Finaliz\u00f3 la entrega de lentes a ni\u00f1as y ni\u00f1os tras controles visuales"},"content":{"rendered":"<p> <br \/>\n<br \/><\/p>\n<p>La iniciativa alcanz\u00f3 a estudiantes de entre 5 y 8 a\u00f1os de escuelas p\u00fablicas, quienes fueron evaluados por especialistas y recibieron anteojos seg\u00fan la indicaci\u00f3n m\u00e9dica.<\/p>\n<div>\n<p>La semana pasada finaliz\u00f3 la entrega de lentes para ni\u00f1as y ni\u00f1os que hab\u00edan sido controlados durante 2025 y que fueron citados para una nueva evaluaci\u00f3n de la agudeza visual antes de la selecci\u00f3n de marcos y la posterior entrega.<\/p>\n<p>Los estudiantes convocados se acercaron al quincho del antiguo hospital, donde fueron atendidos por especialistas en la \u00faltima jornada. Para ello se asignaron turnos previos gestionados mediante el contacto entre agentes de salud, las familias y los establecimientos educativos.<\/p>\n<p class=\"noEditable noticia-relacionada\" data-id=\"332622\"><ampiframe src=\"https:\/\/www.noticiasnqn.com.ar\/api\/noticias\/332622\/relacionadas?amp=1\" layout=\"fixed-height\" sandbox=\"allow-top-navigation allow-top-navigation-by-user-activation allow-scripts \" height=\"100px\"> <b placeholder=\"\">Lee tambi\u00e9n: El CPE aprob\u00f3 la creaci\u00f3n del anexo del CFP N\u00ba 33 en Los Catutos<\/b> <\/ampiframe><\/p>\n<p>La iniciativa se realiza todos los a\u00f1os con alumnas y alumnos de escuelas p\u00fablicas de entre 5 y 8 a\u00f1os, con fechas previamente comunicadas a las instituciones. El procedimiento incluye primero el control de la agudeza visual y, en caso de detectarse la necesidad, la indicaci\u00f3n de lentes.<\/p>\n<p>Posteriormente, en una nueva jornada, se cita a quienes requieren anteojos para la selecci\u00f3n de marcos y la entrega final.<\/p>\n<p>Desde la organizaci\u00f3n destacaron que el objetivo es acompa\u00f1ar el desarrollo escolar mediante la detecci\u00f3n temprana de dificultades visuales y garantizar el acceso a los elementos necesarios.<\/p>\n<\/p><\/div>\n","protected":false},"excerpt":{"rendered":"<p>La iniciativa alcanz\u00f3 a estudiantes de entre 5 y 8 a\u00f1os de escuelas p\u00fablicas, quienes fueron evaluados por especialistas y recibieron anteojos seg\u00fan la indicaci\u00f3n m\u00e9dica. La semana pasada finaliz\u00f3 la entrega de lentes para ni\u00f1as y ni\u00f1os que hab\u00edan sido controlados durante 2025 y que fueron citados para una nueva evaluaci\u00f3n de la agudeza [&hellip;]<\/p>\n","protected":false},"author":1,"featured_media":14787,"comment_status":"","ping_status":"","sticky":false,"template":"","format":"standard","meta":{"_monsterinsights_skip_tracking":false,"_monsterinsights_sitenote_active":false,"_monsterinsights_sitenote_note":"","_monsterinsights_sitenote_category":0,"footnotes":"","jetpack_publicize_message":"","jetpack_publicize_feature_enabled":true,"jetpack_social_post_already_shared":true,"jetpack_social_options":{"image_generator_settings":{"template":"highway","default_image_id":0,"font":"","enabled":false},"version":2}},"categories":[1],"tags":[],"class_list":["post-14786","post","type-post","status-publish","format-standard","has-post-thumbnail","hentry","category-ultimas-noticias"],"aioseo_notices":[],"jetpack_publicize_connections":[],"amp_enabled":true,"_links":{"self":[{"href":"https:\/\/noticiasdeangostura.com.ar\/index.php?rest_route=\/wp\/v2\/posts\/14786","targetHints":{"allow":["GET"]}}],"collection":[{"href":"https:\/\/noticiasdeangostura.com.ar\/index.php?rest_route=\/wp\/v2\/posts"}],"about":[{"href":"https:\/\/noticiasdeangostura.com.ar\/index.php?rest_route=\/wp\/v2\/types\/post"}],"author":[{"embeddable":true,"href":"https:\/\/noticiasdeangostura.com.ar\/index.php?rest_route=\/wp\/v2\/users\/1"}],"replies":[{"embeddable":true,"href":"https:\/\/noticiasdeangostura.com.ar\/index.php?rest_route=%2Fwp%2Fv2%2Fcomments&post=14786"}],"version-history":[{"count":0,"href":"https:\/\/noticiasdeangostura.com.ar\/index.php?rest_route=\/wp\/v2\/posts\/14786\/revisions"}],"wp:featuredmedia":[{"embeddable":true,"href":"https:\/\/noticiasdeangostura.com.ar\/index.php?rest_route=\/wp\/v2\/media\/14787"}],"wp:attachment":[{"href":"https:\/\/noticiasdeangostura.com.ar\/index.php?rest_route=%2Fwp%2Fv2%2Fmedia&parent=14786"}],"wp:term":[{"taxonomy":"category","embeddable":true,"href":"https:\/\/noticiasdeangostura.com.ar\/index.php?rest_route=%2Fwp%2Fv2%2Fcategories&post=14786"},{"taxonomy":"post_tag","embeddable":true,"href":"https:\/\/noticiasdeangostura.com.ar\/index.php?rest_route=%2Fwp%2Fv2%2Ftags&post=14786"}],"curies":[{"name":"wp","href":"https:\/\/api.w.org\/{rel}","templated":true}]}}