{"id":14788,"date":"2026-04-28T03:53:43","date_gmt":"2026-04-28T06:53:43","guid":{"rendered":"https:\/\/noticiasdeangostura.com.ar\/?p=14788"},"modified":"2026-04-28T03:53:43","modified_gmt":"2026-04-28T06:53:43","slug":"la-iglesia-critico-duramente-a-milei-por-la-censura-a-los-periodistas-acreditados-en-casa-rosada","status":"publish","type":"post","link":"https:\/\/noticiasdeangostura.com.ar\/?p=14788","title":{"rendered":"La Iglesia critic\u00f3 duramente a Milei por la censura a los periodistas acreditados en Casa Rosada"},"content":{"rendered":"<p> <br \/>\n<br \/><br \/>La Conferencia Episcopal repudi\u00f3 la decisi\u00f3n de suspender las acreditaciones de todos los trabajadores de prensa en Casa Rosada luego de una ins\u00f3lita denuncia de la Casa Militar por supuesto espionaje ilegal contra dos trabajadores de TN.<br \/>\n    En una decisi\u00f3n que ha resonado en todos los sectores pol\u00edticos y sociales, el presidente Javier Milei ha cerrado las puertas a la libertad de prensa en la emblem\u00e1tica Casa Rosada. Este gesto, in\u00e9dito en la historia moderna de la Argentina, no solo ha generado una ola de cr\u00edticas en todos los \u00e1mbitos, sino que tambi\u00e9n ha desatado la furia de la Iglesia Cat\u00f3lica, que se ha manifestado con severidad contra esta medida. Lee tambi\u00e9n: ADEPA expres\u00f3 su preocupaci\u00f3n por la medida que niega el acceso de periodistas a la Casa Rosada En un escenario econ\u00f3mico asfixiante, marcado por una inflaci\u00f3n galopante y un alarmante incremento en las cifras de desempleo, el presidente Milei ha decidido apuntar a los periodistas, buscando mitigar su creciente crisis de popularidad. La dram\u00e1tica decisi\u00f3n de cerrar la Sala de Prensa e impedir el acceso a los trabajadores acreditados resulta un golpe directo a la libertad de expresi\u00f3n, un derecho consagrado que es esencial para cualquier democracia.Frente a este sombr\u00edo panorama, la Conferencia Episcopal decidi\u00f3 alzar la voz en defensa del periodismo, emitiendo un contundente comunicado donde condena lo que consideran acciones coercitivas y violentas contra el gremio. El comunicado, procedente de una reuni\u00f3n liderada por monse\u00f1or Jorge Lozano, ha subrayado la necesidad de proteger los valores constitucionales y ha reclamado al gobierno un retorno al di\u00e1logo y el respeto por el derecho inalienable de la prensa a informar.Monse\u00f1or Lozano, quien asisti\u00f3 junto a representantes de distintos medios, fue enf\u00e1tico en su postura al mencionar la situaci\u00f3n ausente de precedentes y su inquietud por el devenir de la informaci\u00f3n en el pa\u00eds. Durante el encuentro, periodistas relataron historias de una tradici\u00f3n informativa en Casa de Gobierno que data desde 1940, y pusieron de manifiesto la urgencia de hacer prevalecer el sentido democr\u00e1tico, alejando cualquier tipo de censura.El eco de las palabras del Papa Le\u00f3n XIV tambi\u00e9n se ha hecho presente en la disertaci\u00f3n del alto clero, remarcando que el desarme de las palabras debe ser el camino hacia instar a Milei a restaurar las acreditaciones y a garantizar el acceso irrestricto a las fuentes de informaci\u00f3n cr\u00edtica para un sano desarrollo institucional. Conseguir una soluci\u00f3n, sostuvieron, pasa necesariamente por un canal abierto al di\u00e1logo y el entendimiento.<\/p>\n","protected":false},"excerpt":{"rendered":"<p>La Conferencia Episcopal repudi\u00f3 la decisi\u00f3n de suspender las acreditaciones de todos los trabajadores de prensa en Casa Rosada luego de una ins\u00f3lita denuncia de la Casa Militar por supuesto espionaje ilegal contra dos trabajadores de TN. En una decisi\u00f3n que ha resonado en todos los sectores pol\u00edticos y sociales, el presidente Javier Milei ha [&hellip;]<\/p>\n","protected":false},"author":1,"featured_media":14789,"comment_status":"","ping_status":"","sticky":false,"template":"","format":"standard","meta":{"_monsterinsights_skip_tracking":false,"_monsterinsights_sitenote_active":false,"_monsterinsights_sitenote_note":"","_monsterinsights_sitenote_category":0,"footnotes":"","jetpack_publicize_message":"","jetpack_publicize_feature_enabled":true,"jetpack_social_post_already_shared":true,"jetpack_social_options":{"image_generator_settings":{"template":"highway","default_image_id":0,"font":"","enabled":false},"version":2}},"categories":[5],"tags":[],"class_list":["post-14788","post","type-post","status-publish","format-standard","has-post-thumbnail","hentry","category-politica"],"aioseo_notices":[],"jetpack_publicize_connections":[],"amp_enabled":true,"_links":{"self":[{"href":"https:\/\/noticiasdeangostura.com.ar\/index.php?rest_route=\/wp\/v2\/posts\/14788","targetHints":{"allow":["GET"]}}],"collection":[{"href":"https:\/\/noticiasdeangostura.com.ar\/index.php?rest_route=\/wp\/v2\/posts"}],"about":[{"href":"https:\/\/noticiasdeangostura.com.ar\/index.php?rest_route=\/wp\/v2\/types\/post"}],"author":[{"embeddable":true,"href":"https:\/\/noticiasdeangostura.com.ar\/index.php?rest_route=\/wp\/v2\/users\/1"}],"replies":[{"embeddable":true,"href":"https:\/\/noticiasdeangostura.com.ar\/index.php?rest_route=%2Fwp%2Fv2%2Fcomments&post=14788"}],"version-history":[{"count":0,"href":"https:\/\/noticiasdeangostura.com.ar\/index.php?rest_route=\/wp\/v2\/posts\/14788\/revisions"}],"wp:featuredmedia":[{"embeddable":true,"href":"https:\/\/noticiasdeangostura.com.ar\/index.php?rest_route=\/wp\/v2\/media\/14789"}],"wp:attachment":[{"href":"https:\/\/noticiasdeangostura.com.ar\/index.php?rest_route=%2Fwp%2Fv2%2Fmedia&parent=14788"}],"wp:term":[{"taxonomy":"category","embeddable":true,"href":"https:\/\/noticiasdeangostura.com.ar\/index.php?rest_route=%2Fwp%2Fv2%2Fcategories&post=14788"},{"taxonomy":"post_tag","embeddable":true,"href":"https:\/\/noticiasdeangostura.com.ar\/index.php?rest_route=%2Fwp%2Fv2%2Ftags&post=14788"}],"curies":[{"name":"wp","href":"https:\/\/api.w.org\/{rel}","templated":true}]}}