{"id":14790,"date":"2026-04-28T03:56:15","date_gmt":"2026-04-28T06:56:15","guid":{"rendered":"https:\/\/noticiasdeangostura.com.ar\/?p=14790"},"modified":"2026-04-28T03:56:15","modified_gmt":"2026-04-28T06:56:15","slug":"infancias-en-riesgo-crece-el-maltrato-y-advierten-por-un-sistema-que-no-responde","status":"publish","type":"post","link":"https:\/\/noticiasdeangostura.com.ar\/?p=14790","title":{"rendered":"Infancias en riesgo: crece el maltrato y advierten por un sistema que no responde"},"content":{"rendered":"<p> <br \/>\n<br \/><\/p>\n<p>Especialista se\u00f1alan un aumento del padecimiento en ni\u00f1os y adolescentes. Cuestionan la ausencia de pol\u00edticas p\u00fablicas sostenidas.<\/p>\n<div>\n<p><a href=\"https:\/\/www.youtube.com\/live\/O7UoLBuf3_I?si=EfyeDP3v1H-xeizx\" target=\"_blank\" rel=\"noopener\">El maltrato infantil y las violencias hacia ni\u00f1as, ni\u00f1os y adolescentes vuelven a instalarse en la agenda, en un contexto marcado por el aumento de situaciones complejas y la falta de respuestas estructurales.<\/a><\/p>\n<p><strong>Durante una entrevista en el programa <a href=\"https:\/\/www.amcumbre.com\/\" target=\"_blank\" rel=\"noopener\">Nada sucede dos veces por AM Cumbre 1400<\/a><\/strong>, la psic\u00f3loga Sonia Almada analiz\u00f3 el escenario actual.<\/p>\n<p>En di\u00e1logo con los periodistas, advirti\u00f3 sobre un desamparo institucional creciente.<\/p>\n<p>Seg\u00fan indic\u00f3, <strong>la falta de pol\u00edticas preventivas y el debilitamiento de los sistemas de protecci\u00f3n agravan la situaci\u00f3n<\/strong>.<\/p>\n<h3>Un problema hist\u00f3rico que se profundiza<\/h3>\n<p>El maltrato infantil no es un fen\u00f3meno nuevo. A lo largo de la historia, la infancia ha sido uno de los sectores m\u00e1s vulnerables, con escasos mecanismos de protecci\u00f3n en distintas etapas.<\/p>\n<p>Sin embargo, el contexto actual presenta caracter\u00edsticas particulares. La visibilizaci\u00f3n de casos y el aumento de situaciones extremas exponen una problem\u00e1tica que, lejos de resolverse, muestra nuevas formas de manifestaci\u00f3n.<\/p>\n<h3>Desborde institucional y falta de recursos<\/h3>\n<p>Uno de los puntos m\u00e1s cr\u00edticos es el estado de los sistemas de protecci\u00f3n. Los servicios locales, encargados de intervenir en estas situaciones, enfrentan una demanda creciente con recursos limitados.<\/p>\n<p>Profesionales sobrecargados, falta de capacitaci\u00f3n y estructuras precarias dificultan la respuesta. Este escenario genera que muchas situaciones no sean abordadas a tiempo o queden sin seguimiento adecuado.<\/p>\n<h3>Adolescencia sin espacios de contenci\u00f3n<\/h3>\n<p>Los adolescentes aparecen como uno de los grupos m\u00e1s afectados. La falta de espacios de escucha y acompa\u00f1amiento genera un escenario donde el malestar se expresa de distintas maneras.<\/p>\n<p>En este contexto, la construcci\u00f3n de identidad se vuelve m\u00e1s compleja. La ausencia de referentes y de contenci\u00f3n institucional deja a muchos j\u00f3venes en situaciones de vulnerabilidad.<\/p>\n<h3>Redes, violencia y construcci\u00f3n de sentido<\/h3>\n<p>El entorno digital cumple un rol central en este escenario. Las redes sociales y plataformas generan espacios donde se amplifican contenidos violentos o extremos.<\/p>\n<p>Este fen\u00f3meno no act\u00faa de manera aislada, sino que potencia problem\u00e1ticas previas. La exposici\u00f3n constante a estos contenidos puede generar insensibilizaci\u00f3n y naturalizaci\u00f3n de la violencia.<\/p>\n<h3>Respuestas reactivas frente a una crisis estructural<\/h3>\n<p>El abordaje actual suele centrarse en la reacci\u00f3n ante hechos ya consumados. Medidas como sanciones o intervenciones punitivas aparecen como respuestas inmediatas.<\/p>\n<p>Sin embargo, este enfoque deja de lado la prevenci\u00f3n. La falta de pol\u00edticas sostenidas orientadas a la salud mental y al acompa\u00f1amiento temprano limita la posibilidad de revertir el problema.<\/p>\n<h3>La necesidad de pol\u00edticas integrales<\/h3>\n<p>El escenario plantea la urgencia de construir pol\u00edticas p\u00fablicas que aborden la problem\u00e1tica de manera integral.<\/p>\n<p>Esto implica fortalecer los sistemas de protecci\u00f3n, capacitar a los actores involucrados y generar espacios de contenci\u00f3n desde edades tempranas.<\/p>\n<p>El aumento de estas situaciones refleja una crisis m\u00e1s profunda, donde la infancia y la adolescencia quedan expuestas en un contexto que demanda respuestas urgentes y sostenidas en el tiempo.<\/p>\n<p>\u00a0<\/p>\n<h2>La entrevista<\/h2>\n<p>Sonia Almada, <strong>licenciada en Psicolog\u00eda y fundadora de la asociaci\u00f3n civil Aralma<\/strong>, analiz\u00f3 el contexto actual de violencia hacia ni\u00f1as, ni\u00f1os y adolescentes, y la falta de pol\u00edticas preventivas.<\/p>\n<p>\u2014Pregunta: \u00bfQu\u00e9 es Aralma y a qu\u00e9 se dedica?<br \/>\u2014Respuesta: Es una asociaci\u00f3n civil que fundamos en 2003. Trabajamos en prevenci\u00f3n y erradicaci\u00f3n de la violencia contra ni\u00f1as, ni\u00f1os, adolescentes y mujeres, con incidencia en pol\u00edticas p\u00fablicas, asistencia y capacitaci\u00f3n.<\/p>\n<p>\u2014Pregunta: \u00bfQu\u00e9 actividad est\u00e1n realizando en este contexto?<br \/>\u2014Respuesta: Estamos organizando un conversatorio en el marco del D\u00eda Internacional del Maltrato Infantil, enfocado en salud mental infanto-juvenil y en lo que est\u00e1 ocurriendo actualmente.<\/p>\n<p>\u2014Pregunta: \u00bfC\u00f3mo describ\u00eds la situaci\u00f3n actual?<br \/>\u2014Respuesta: Es muy preocupante. Hay un desamparo institucional muy fuerte, falta de recursos, profesionales desbordados y ausencia de pol\u00edticas p\u00fablicas sostenidas.<\/p>\n<p>\u2014Pregunta: \u00bfQu\u00e9 est\u00e1 pasando con los adolescentes?<br \/>\u2014Respuesta: Est\u00e1n expresando su malestar de distintas formas. No tienen espacios para ser escuchados y terminan buscando pertenencia en otros \u00e1mbitos, muchas veces negativos.<\/p>\n<p>\u2014Pregunta: \u00bfQu\u00e9 rol juegan las redes y los entornos digitales?<br \/>\u2014Respuesta: Son espacios donde se potencian problem\u00e1ticas previas. Tambi\u00e9n generan insensibilizaci\u00f3n frente a la violencia, especialmente cuando se combinan con otras vulnerabilidades.<\/p>\n<p>\u2014Pregunta: \u00bfQu\u00e9 falta hoy en el abordaje?<br \/>\u2014Respuesta: Falta prevenci\u00f3n. Siempre se act\u00faa despu\u00e9s del hecho, con respuestas punitivas, cuando en realidad se necesita trabajar antes desde la salud mental y la contenci\u00f3n.<\/p>\n<\/p><\/div>\n","protected":false},"excerpt":{"rendered":"<p>Especialista se\u00f1alan un aumento del padecimiento en ni\u00f1os y adolescentes. Cuestionan la ausencia de pol\u00edticas p\u00fablicas sostenidas. El maltrato infantil y las violencias hacia ni\u00f1as, ni\u00f1os y adolescentes vuelven a instalarse en la agenda, en un contexto marcado por el aumento de situaciones complejas y la falta de respuestas estructurales. Durante una entrevista en el [&hellip;]<\/p>\n","protected":false},"author":1,"featured_media":14791,"comment_status":"","ping_status":"","sticky":false,"template":"","format":"standard","meta":{"_monsterinsights_skip_tracking":false,"_monsterinsights_sitenote_active":false,"_monsterinsights_sitenote_note":"","_monsterinsights_sitenote_category":0,"footnotes":"","jetpack_publicize_message":"","jetpack_publicize_feature_enabled":true,"jetpack_social_post_already_shared":true,"jetpack_social_options":{"image_generator_settings":{"template":"highway","default_image_id":0,"font":"","enabled":false},"version":2}},"categories":[1],"tags":[],"class_list":["post-14790","post","type-post","status-publish","format-standard","has-post-thumbnail","hentry","category-ultimas-noticias"],"aioseo_notices":[],"jetpack_publicize_connections":[],"amp_enabled":true,"_links":{"self":[{"href":"https:\/\/noticiasdeangostura.com.ar\/index.php?rest_route=\/wp\/v2\/posts\/14790","targetHints":{"allow":["GET"]}}],"collection":[{"href":"https:\/\/noticiasdeangostura.com.ar\/index.php?rest_route=\/wp\/v2\/posts"}],"about":[{"href":"https:\/\/noticiasdeangostura.com.ar\/index.php?rest_route=\/wp\/v2\/types\/post"}],"author":[{"embeddable":true,"href":"https:\/\/noticiasdeangostura.com.ar\/index.php?rest_route=\/wp\/v2\/users\/1"}],"replies":[{"embeddable":true,"href":"https:\/\/noticiasdeangostura.com.ar\/index.php?rest_route=%2Fwp%2Fv2%2Fcomments&post=14790"}],"version-history":[{"count":0,"href":"https:\/\/noticiasdeangostura.com.ar\/index.php?rest_route=\/wp\/v2\/posts\/14790\/revisions"}],"wp:featuredmedia":[{"embeddable":true,"href":"https:\/\/noticiasdeangostura.com.ar\/index.php?rest_route=\/wp\/v2\/media\/14791"}],"wp:attachment":[{"href":"https:\/\/noticiasdeangostura.com.ar\/index.php?rest_route=%2Fwp%2Fv2%2Fmedia&parent=14790"}],"wp:term":[{"taxonomy":"category","embeddable":true,"href":"https:\/\/noticiasdeangostura.com.ar\/index.php?rest_route=%2Fwp%2Fv2%2Fcategories&post=14790"},{"taxonomy":"post_tag","embeddable":true,"href":"https:\/\/noticiasdeangostura.com.ar\/index.php?rest_route=%2Fwp%2Fv2%2Ftags&post=14790"}],"curies":[{"name":"wp","href":"https:\/\/api.w.org\/{rel}","templated":true}]}}