{"id":14792,"date":"2026-04-28T03:57:22","date_gmt":"2026-04-28T06:57:22","guid":{"rendered":"https:\/\/noticiasdeangostura.com.ar\/?p=14792"},"modified":"2026-04-28T03:57:22","modified_gmt":"2026-04-28T06:57:22","slug":"adorni-prepara-su-show-en-diputados-mientras-le-sacan-el-pan-a-los-mas-pobres-advirtio-monica-frade-en-qr","status":"publish","type":"post","link":"https:\/\/noticiasdeangostura.com.ar\/?p=14792","title":{"rendered":"\u201cAdorni prepara su show en Diputados mientras le sacan el pan a los m\u00e1s pobres\u201d, advirti\u00f3 M\u00f3nica Frade en\u00a0\u201cQR!\u201d"},"content":{"rendered":"<p> <br \/>\n<br \/><br \/>\n\t\t\t\t\t\t\tEn el programa \u201cQR!\u201d, emitido por Canal E y conducido por Pablo Caruso, la diputada nacional de la Coalici\u00f3n C\u00edvica M\u00f3nica Frade lanz\u00f3 duras cr\u00edticas contra el Gobierno nacional por la baja del programa Volver al Trabajo y advirti\u00f3 que el vocero presidencial Manuel Adorni \u201cprepara su show en Diputados\u201d mientras miles de familias quedan sin asistencia.<\/p>\n<p>La legisladora se refiri\u00f3 a la medida cautelar que fren\u00f3 parcialmente la decisi\u00f3n del Ministerio de Capital Humano que dio de baja el programa social y sostuvo que la Justicia dej\u00f3 en evidencia \u201cel nivel de mentira\u201d de la gesti\u00f3n oficial. \u201cNo hay ninguna medida tomada por el Ministerio que mejore el derecho de las personas beneficiarias. No hubo vouchers, no hubo formaci\u00f3n, no hubo absolutamente nada\u201d, afirm\u00f3 Frade.<\/p>\n<p>Seg\u00fan explic\u00f3, el programa no naci\u00f3 con este Gobierno sino que tiene origen en la Ley de Emergencia Social aprobada durante la gesti\u00f3n de Mauricio Macri, que estableci\u00f3 el salario social complementario como un ingreso de apoyo para trabajadores de la econom\u00eda popular.<\/p>\n<p>La cautelar que complica a Capital Humano<\/p>\n<p>Frade sostuvo que la resoluci\u00f3n judicial impide que el Gobierno elimine el beneficio sin demostrar previamente una pol\u00edtica superadora para quienes lo reciben. \u201cHasta que usted no demuestre que va a tener una pol\u00edtica que mejore las condiciones de estos trabajadores, no puede quitarles un derecho as\u00ed porque s\u00ed\u201d, remarc\u00f3.<\/p>\n<p>La diputada tambi\u00e9n cuestion\u00f3 la respuesta p\u00fablica del Ministerio de Capital Humano y advirti\u00f3 que, si intentan sostener ante la Justicia lo mismo que comunican en redes sociales, podr\u00edan incurrir en nuevas irregularidades. \u201cCuando tengan que presentar pruebas, no van a tener absolutamente nada para mostrar. Lo que hoy dicen en medios, si lo dicen as\u00ed en la Justicia, van a estar mintiendo\u201d, asegur\u00f3.<\/p>\n<p>La semana del presidente: reuniones, conferencia y apoyo a Manuel Adorni en el Congreso<\/p>\n<p>Uno de los puntos m\u00e1s duros del debate gir\u00f3 en torno al monto que reciben los beneficiarios del programa: $78.000 mensuales.<\/p>\n<p>Desde el oficialismo sostienen que el esquema perdi\u00f3 sentido y que ser\u00e1 reemplazado por capacitaciones laborales, pero Frade rechaz\u00f3 ese argumento y denunci\u00f3 que se trata de una pol\u00edtica de ajuste sobre los sectores m\u00e1s vulnerables. \u201cHace un mes eran tres garrafas, hoy son dos. El mes que viene no sabemos. Sacarle ese ingreso a una familia es partirla al medio\u201d, expres\u00f3.<\/p>\n<p>Adem\u00e1s, afirm\u00f3 que ese dinero no solo ayuda a quienes lo perciben, sino que tambi\u00e9n sostiene el consumo en barrios y municipios. \u201cSon un mill\u00f3n de trabajadores. Esa plata mueve la econom\u00eda del barrio, del municipio y de provincias enteras. No se la est\u00e1n sacando a la casta, se la est\u00e1n sacando a los m\u00e1s d\u00e9biles\u201d, se\u00f1al\u00f3.<\/p>\n<p>Cr\u00edticas al discurso oficial<\/p>\n<p>Durante la entrevista, Frade tambi\u00e9n cuestion\u00f3 la narrativa del Gobierno sobre el gasto social y acus\u00f3 a la administraci\u00f3n de Javier Milei de responsabilizar a los pobres por la crisis.<\/p>\n<p>\u201cHay una insistencia permanente en culpabilizar a los pobres de la pobreza. Les sacan $78 mil a quienes revuelven basura para comer y al mismo tiempo benefician a quienes quieren importar un BMW sin pagar impuestos\u201d, dispar\u00f3.<\/p>\n<p>En ese sentido, sostuvo que el ajuste no est\u00e1 dirigido contra los sectores privilegiados sino contra quienes m\u00e1s necesitan asistencia estatal.<\/p>\n<p>De la Sota tensiona la previa de Adorni en Diputados: \u00abPrimero que Milei explique la estafa $LIBRA\u00bb<\/p>\n<p>La diputada alert\u00f3 adem\u00e1s sobre el crecimiento del malestar social y sostuvo que estas decisiones est\u00e1n generando m\u00e1s bronca y mayor organizaci\u00f3n en los sectores populares. \u201cLa organizaci\u00f3n crece, las ganas de salir a confrontar con el Gobierno crecen. Lo que creen que est\u00e1n destruyendo lo van a terminar alimentando\u201d, afirm\u00f3.<\/p>\n<p>Finalmente, vincul\u00f3 el conflicto social con una crisis pol\u00edtica m\u00e1s amplia y asegur\u00f3 que el descontento ya no apunta solo al Presidente sino a toda la dirigencia. \u201cLa bronca ya no es solo contra Milei. Es bronca contra todos. La pol\u00edtica est\u00e1 empezando a fallar en todos sus niveles\u201d, concluy\u00f3.<\/p>\n<p>LB\/ML<\/p>\n","protected":false},"excerpt":{"rendered":"<p>En el programa \u201cQR!\u201d, emitido por Canal E y conducido por Pablo Caruso, la diputada nacional de la Coalici\u00f3n C\u00edvica M\u00f3nica Frade lanz\u00f3 duras cr\u00edticas contra el Gobierno nacional por la baja del programa Volver al Trabajo y advirti\u00f3 que el vocero presidencial Manuel Adorni \u201cprepara su show en Diputados\u201d mientras miles de familias quedan [&hellip;]<\/p>\n","protected":false},"author":1,"featured_media":14793,"comment_status":"","ping_status":"","sticky":false,"template":"","format":"standard","meta":{"_monsterinsights_skip_tracking":false,"_monsterinsights_sitenote_active":false,"_monsterinsights_sitenote_note":"","_monsterinsights_sitenote_category":0,"footnotes":"","jetpack_publicize_message":"","jetpack_publicize_feature_enabled":true,"jetpack_social_post_already_shared":true,"jetpack_social_options":{"image_generator_settings":{"template":"highway","default_image_id":0,"font":"","enabled":false},"version":2}},"categories":[11],"tags":[],"class_list":["post-14792","post","type-post","status-publish","format-standard","has-post-thumbnail","hentry","category-actualidad"],"aioseo_notices":[],"jetpack_publicize_connections":[],"amp_enabled":true,"_links":{"self":[{"href":"https:\/\/noticiasdeangostura.com.ar\/index.php?rest_route=\/wp\/v2\/posts\/14792","targetHints":{"allow":["GET"]}}],"collection":[{"href":"https:\/\/noticiasdeangostura.com.ar\/index.php?rest_route=\/wp\/v2\/posts"}],"about":[{"href":"https:\/\/noticiasdeangostura.com.ar\/index.php?rest_route=\/wp\/v2\/types\/post"}],"author":[{"embeddable":true,"href":"https:\/\/noticiasdeangostura.com.ar\/index.php?rest_route=\/wp\/v2\/users\/1"}],"replies":[{"embeddable":true,"href":"https:\/\/noticiasdeangostura.com.ar\/index.php?rest_route=%2Fwp%2Fv2%2Fcomments&post=14792"}],"version-history":[{"count":0,"href":"https:\/\/noticiasdeangostura.com.ar\/index.php?rest_route=\/wp\/v2\/posts\/14792\/revisions"}],"wp:featuredmedia":[{"embeddable":true,"href":"https:\/\/noticiasdeangostura.com.ar\/index.php?rest_route=\/wp\/v2\/media\/14793"}],"wp:attachment":[{"href":"https:\/\/noticiasdeangostura.com.ar\/index.php?rest_route=%2Fwp%2Fv2%2Fmedia&parent=14792"}],"wp:term":[{"taxonomy":"category","embeddable":true,"href":"https:\/\/noticiasdeangostura.com.ar\/index.php?rest_route=%2Fwp%2Fv2%2Fcategories&post=14792"},{"taxonomy":"post_tag","embeddable":true,"href":"https:\/\/noticiasdeangostura.com.ar\/index.php?rest_route=%2Fwp%2Fv2%2Ftags&post=14792"}],"curies":[{"name":"wp","href":"https:\/\/api.w.org\/{rel}","templated":true}]}}