{"id":14800,"date":"2026-04-28T05:10:25","date_gmt":"2026-04-28T08:10:25","guid":{"rendered":"https:\/\/noticiasdeangostura.com.ar\/?p=14800"},"modified":"2026-04-28T05:10:25","modified_gmt":"2026-04-28T08:10:25","slug":"el-cpe-aprobo-la-creacion-del-anexo-del-cfp-no-33-en-los-catutos","status":"publish","type":"post","link":"https:\/\/noticiasdeangostura.com.ar\/?p=14800","title":{"rendered":"El CPE aprob\u00f3 la creaci\u00f3n del anexo del CFP N\u00ba 33 en Los Catutos"},"content":{"rendered":"<p> <br \/>\n<br \/><\/p>\n<p>El nuevo espacio depender\u00e1 del centro con sede en Mariano Moreno y comenzar\u00e1 con propuestas vinculadas al telar mapuche, con proyecci\u00f3n a sumar otros oficios.<\/p>\n<div>\n<p>El <span class=\"hover:entity-accent entity-underline inline cursor-pointer align-baseline\"><span class=\"whitespace-normal\">Consejo Provincial de Educaci\u00f3n del Neuqu\u00e9n<\/span><\/span> aprob\u00f3 la creaci\u00f3n del Anexo Los Catutos del <span class=\"hover:entity-accent entity-underline inline cursor-pointer align-baseline\"><span class=\"whitespace-normal\">Centro de Formaci\u00f3n Profesional N\u00b0 33<\/span><\/span>, en el marco del proceso de reorganizaci\u00f3n y fortalecimiento de la formaci\u00f3n profesional en territorio.<\/p>\n<p>El nuevo espacio funcionar\u00e1 en <span class=\"hover:entity-accent entity-underline inline cursor-pointer align-baseline\"><span class=\"whitespace-normal\">Los Catutos<\/span><\/span> y contar\u00e1 inicialmente con dos cargos de Maestro de Ense\u00f1anza Pr\u00e1ctica de Educaci\u00f3n Permanente, orientados a trayectos formativos vinculados al telar mapuche.<\/p>\n<p class=\"noEditable noticia-relacionada\" data-id=\"332619\"><ampiframe src=\"https:\/\/www.noticiasnqn.com.ar\/api\/noticias\/332619\/relacionadas?amp=1\" layout=\"fixed-height\" sandbox=\"allow-top-navigation allow-top-navigation-by-user-activation allow-scripts \" height=\"100px\"> <b placeholder=\"\">Lee tambi\u00e9n: Larraza destac\u00f3 la nueva planta cloacal y proyect\u00f3 el desarrollo del parque industrial<\/b> <\/ampiframe><\/p>\n<p>Desde el organismo indicaron que la iniciativa apunta a ampliar las oportunidades de capacitaci\u00f3n y acompa\u00f1amiento para la comunidad, con la posibilidad de incorporar nuevos oficios seg\u00fan las necesidades locales.<\/p>\n<p>La creaci\u00f3n del anexo forma parte de una pol\u00edtica de actualizaci\u00f3n y ordenamiento de los centros de formaci\u00f3n profesional, con el objetivo de mejorar las propuestas educativas y fortalecer la inserci\u00f3n laboral en la regi\u00f3n.<\/p>\n<\/p><\/div>\n","protected":false},"excerpt":{"rendered":"<p>El nuevo espacio depender\u00e1 del centro con sede en Mariano Moreno y comenzar\u00e1 con propuestas vinculadas al telar mapuche, con proyecci\u00f3n a sumar otros oficios. El Consejo Provincial de Educaci\u00f3n del Neuqu\u00e9n aprob\u00f3 la creaci\u00f3n del Anexo Los Catutos del Centro de Formaci\u00f3n Profesional N\u00b0 33, en el marco del proceso de reorganizaci\u00f3n y fortalecimiento [&hellip;]<\/p>\n","protected":false},"author":1,"featured_media":14801,"comment_status":"","ping_status":"","sticky":false,"template":"","format":"standard","meta":{"_monsterinsights_skip_tracking":false,"_monsterinsights_sitenote_active":false,"_monsterinsights_sitenote_note":"","_monsterinsights_sitenote_category":0,"footnotes":"","jetpack_publicize_message":"","jetpack_publicize_feature_enabled":true,"jetpack_social_post_already_shared":true,"jetpack_social_options":{"image_generator_settings":{"template":"highway","default_image_id":0,"font":"","enabled":false},"version":2}},"categories":[1],"tags":[],"class_list":["post-14800","post","type-post","status-publish","format-standard","has-post-thumbnail","hentry","category-ultimas-noticias"],"aioseo_notices":[],"jetpack_publicize_connections":[],"amp_enabled":true,"_links":{"self":[{"href":"https:\/\/noticiasdeangostura.com.ar\/index.php?rest_route=\/wp\/v2\/posts\/14800","targetHints":{"allow":["GET"]}}],"collection":[{"href":"https:\/\/noticiasdeangostura.com.ar\/index.php?rest_route=\/wp\/v2\/posts"}],"about":[{"href":"https:\/\/noticiasdeangostura.com.ar\/index.php?rest_route=\/wp\/v2\/types\/post"}],"author":[{"embeddable":true,"href":"https:\/\/noticiasdeangostura.com.ar\/index.php?rest_route=\/wp\/v2\/users\/1"}],"replies":[{"embeddable":true,"href":"https:\/\/noticiasdeangostura.com.ar\/index.php?rest_route=%2Fwp%2Fv2%2Fcomments&post=14800"}],"version-history":[{"count":0,"href":"https:\/\/noticiasdeangostura.com.ar\/index.php?rest_route=\/wp\/v2\/posts\/14800\/revisions"}],"wp:featuredmedia":[{"embeddable":true,"href":"https:\/\/noticiasdeangostura.com.ar\/index.php?rest_route=\/wp\/v2\/media\/14801"}],"wp:attachment":[{"href":"https:\/\/noticiasdeangostura.com.ar\/index.php?rest_route=%2Fwp%2Fv2%2Fmedia&parent=14800"}],"wp:term":[{"taxonomy":"category","embeddable":true,"href":"https:\/\/noticiasdeangostura.com.ar\/index.php?rest_route=%2Fwp%2Fv2%2Fcategories&post=14800"},{"taxonomy":"post_tag","embeddable":true,"href":"https:\/\/noticiasdeangostura.com.ar\/index.php?rest_route=%2Fwp%2Fv2%2Ftags&post=14800"}],"curies":[{"name":"wp","href":"https:\/\/api.w.org\/{rel}","templated":true}]}}