{"id":14805,"date":"2026-04-28T05:56:50","date_gmt":"2026-04-28T08:56:50","guid":{"rendered":"https:\/\/noticiasdeangostura.com.ar\/?p=14805"},"modified":"2026-04-28T05:56:50","modified_gmt":"2026-04-28T08:56:50","slug":"techo-digno-un-exintendente-del-alto-valle-reconocio-su-responsabilidad-penal","status":"publish","type":"post","link":"https:\/\/noticiasdeangostura.com.ar\/?p=14805","title":{"rendered":"Techo Digno: un exintendente del Alto Valle reconoci\u00f3 su responsabilidad penal"},"content":{"rendered":"<p> <br \/>\n<br \/><\/p>\n<p>Acept\u00f3 una defraudaci\u00f3n a la administraci\u00f3n p\u00fablica y uso de documento p\u00fablico falso. La fiscal\u00eda pidi\u00f3 una pena de tres a\u00f1os de prisi\u00f3n condicional e inhabilitaci\u00f3n perpetua para ocupar cargos p\u00fablicos.<\/p>\n<p>La defensa argument\u00f3 que la causa empez\u00f3 hace 9 a\u00f1os y el hombre, de 77, est\u00e1 \u00abcansado del proceso\u00bb.<\/p>\n<div>\n<p>El <strong>exintendente de Cervantes, Gilberto Montanaro<\/strong>, reconoci\u00f3 su <a href=\"https:\/\/www.alertadigital.ar\/noticias\/2025\/10\/22\/147325-causa-techo-digno-otro-intendente-y-un-empresario-del-alto-valle-iran-a-juicio-por-corrupcion\"><strong>responsabilidad penal en el marco de la causa Techo Digno,<\/strong><\/a> en la que fue acusado por los <strong>delitos de defraudaci\u00f3n a la administraci\u00f3n p\u00fablica y uso de documento p\u00fablico falso<\/strong>. El reconocimiento se realiz\u00f3 durante una audiencia de acuerdo abreviado pleno.<\/p>\n<p>La <strong>fiscal\u00eda<\/strong> solicit\u00f3 que Montanaro sea declarado responsable y que se le imponga una pena de tres a\u00f1os de prisi\u00f3n de ejecuci\u00f3n condicional. Tambi\u00e9n pidi\u00f3 la <strong>inhabilitaci\u00f3n especial perpetua para ocupar cargos p\u00fablicos<\/strong> y el cumplimiento de reglas de conducta, entre ellas la prohibici\u00f3n de salir del pa\u00eds, presentaciones peri\u00f3dicas ante el organismo de control, mantener domicilio y no cometer nuevos delitos.<\/p>\n<p>El juez de Garant\u00edas interviniente dar\u00e1 a conocer su resoluci\u00f3n el pr\u00f3ximo jueves 30 de abril, a las 12:30, en los Tribunales de Roca. Seg\u00fan se inform\u00f3 durante la audiencia, la condena comenzar\u00e1 a cumplirse de manera inmediata si el magistrado homologa el acuerdo, ya que la fiscal\u00eda y la defensa renunciaron a los plazos procesales.<\/p>\n<p>La fiscal\u00eda fundament\u00f3 el pedido de pena en que el exjefe comunal no registra antecedentes penales computables, <strong>tiene 75 a\u00f1os y se tuvieron en cuenta sus condiciones socioculturales.<\/strong> A su turno, la defensa particular sostuvo que Montanaro recibi\u00f3 asesoramiento adecuado y acept\u00f3 los alcances del acuerdo.<\/p>\n<p>El defensor se\u00f1al\u00f3 que la causa se inici\u00f3 hace nueve a\u00f1os, cuando el exintendente ten\u00eda 66, y plante\u00f3 que su cliente<strong> est\u00e1 \u201ccansado de este proceso\u201d.<\/strong> Tambi\u00e9n indic\u00f3 que <strong>la continuidad del caso podr\u00eda demandar \u201cal menos 4 o 5 a\u00f1os m\u00e1s\u201d,<\/strong> por lo que se evalu\u00f3 la posibilidad de darle un cierre definitivo mediante el acuerdo.<\/p>\n<h2>La acusaci\u00f3n por las viviendas<\/h2>\n<p>Durante la audiencia, la fiscal\u00eda ley\u00f3 <strong>m\u00e1s de 80 puntos de sustento probatorio<\/strong> vinculados con el convenio firmado en noviembre de 2014 entre la Secretar\u00eda de Obras P\u00fablicas del entonces Ministerio de Planificaci\u00f3n Federal, Inversi\u00f3n P\u00fablica y Servicios de la Naci\u00f3n y el Municipio de Cervantes, representado por Montanaro.<\/p>\n<p>Seg\u00fan la acusaci\u00f3n, el acuerdo <strong>preve\u00eda la construcci\u00f3n de 135 viviendas e infraestructura<\/strong>, divididas en tres planes, por un monto total de $61.101.000. Las obras fueron licitadas y adjudicadas a tres empresas: Baszkir Construcciones, Eraiki S.A. y ECA S.A.<\/p>\n<p>La fiscal\u00eda sostuvo que, mediante la presentaci\u00f3n de certificaciones de obra falsas, se inform\u00f3 a Naci\u00f3n un avance superior al efectivamente realizado. Eso deriv\u00f3 en el desembolso de $60.995.019,86 al municipio, equivalente al 99,83% del convenio.<\/p>\n<p>De acuerdo con el <strong>Ministerio P\u00fablico Fiscal<\/strong>, esa maniobra benefici\u00f3 indebidamente a las constructoras, ya que se certificaban avances que no correspond\u00edan a las obras reales o que estaban por fuera del circuito regulado. La prueba mencionada incluy\u00f3 informes de organismos nacionales, documentaci\u00f3n del IPPV, ordenanzas, filmaciones con drones, licitaciones, facturas, convenios de rescisi\u00f3n, pericias caligr\u00e1ficas e informes de \u00e1reas t\u00e9cnicas de investigaci\u00f3n.<\/p>\n<\/p><\/div>\n","protected":false},"excerpt":{"rendered":"<p>Acept\u00f3 una defraudaci\u00f3n a la administraci\u00f3n p\u00fablica y uso de documento p\u00fablico falso. La fiscal\u00eda pidi\u00f3 una pena de tres a\u00f1os de prisi\u00f3n condicional e inhabilitaci\u00f3n perpetua para ocupar cargos p\u00fablicos. La defensa argument\u00f3 que la causa empez\u00f3 hace 9 a\u00f1os y el hombre, de 77, est\u00e1 \u00abcansado del proceso\u00bb. El exintendente de Cervantes, Gilberto [&hellip;]<\/p>\n","protected":false},"author":1,"featured_media":14806,"comment_status":"","ping_status":"","sticky":false,"template":"","format":"standard","meta":{"_monsterinsights_skip_tracking":false,"_monsterinsights_sitenote_active":false,"_monsterinsights_sitenote_note":"","_monsterinsights_sitenote_category":0,"footnotes":"","jetpack_publicize_message":"","jetpack_publicize_feature_enabled":true,"jetpack_social_post_already_shared":true,"jetpack_social_options":{"image_generator_settings":{"template":"highway","default_image_id":0,"font":"","enabled":false},"version":2}},"categories":[1],"tags":[],"class_list":["post-14805","post","type-post","status-publish","format-standard","has-post-thumbnail","hentry","category-ultimas-noticias"],"aioseo_notices":[],"jetpack_publicize_connections":[],"amp_enabled":true,"_links":{"self":[{"href":"https:\/\/noticiasdeangostura.com.ar\/index.php?rest_route=\/wp\/v2\/posts\/14805","targetHints":{"allow":["GET"]}}],"collection":[{"href":"https:\/\/noticiasdeangostura.com.ar\/index.php?rest_route=\/wp\/v2\/posts"}],"about":[{"href":"https:\/\/noticiasdeangostura.com.ar\/index.php?rest_route=\/wp\/v2\/types\/post"}],"author":[{"embeddable":true,"href":"https:\/\/noticiasdeangostura.com.ar\/index.php?rest_route=\/wp\/v2\/users\/1"}],"replies":[{"embeddable":true,"href":"https:\/\/noticiasdeangostura.com.ar\/index.php?rest_route=%2Fwp%2Fv2%2Fcomments&post=14805"}],"version-history":[{"count":0,"href":"https:\/\/noticiasdeangostura.com.ar\/index.php?rest_route=\/wp\/v2\/posts\/14805\/revisions"}],"wp:featuredmedia":[{"embeddable":true,"href":"https:\/\/noticiasdeangostura.com.ar\/index.php?rest_route=\/wp\/v2\/media\/14806"}],"wp:attachment":[{"href":"https:\/\/noticiasdeangostura.com.ar\/index.php?rest_route=%2Fwp%2Fv2%2Fmedia&parent=14805"}],"wp:term":[{"taxonomy":"category","embeddable":true,"href":"https:\/\/noticiasdeangostura.com.ar\/index.php?rest_route=%2Fwp%2Fv2%2Fcategories&post=14805"},{"taxonomy":"post_tag","embeddable":true,"href":"https:\/\/noticiasdeangostura.com.ar\/index.php?rest_route=%2Fwp%2Fv2%2Ftags&post=14805"}],"curies":[{"name":"wp","href":"https:\/\/api.w.org\/{rel}","templated":true}]}}