{"id":14807,"date":"2026-04-28T05:59:11","date_gmt":"2026-04-28T08:59:11","guid":{"rendered":"https:\/\/noticiasdeangostura.com.ar\/?p=14807"},"modified":"2026-04-28T05:59:11","modified_gmt":"2026-04-28T08:59:11","slug":"dolar-atrasado-y-pases-de-factura-el-reclamo-empresario-detras-del-show-ortodoxo-de-milei","status":"publish","type":"post","link":"https:\/\/noticiasdeangostura.com.ar\/?p=14807","title":{"rendered":"D\u00f3lar atrasado y pases de factura: el reclamo empresario detr\u00e1s del show ortodoxo de Milei"},"content":{"rendered":"<p> <br \/>\n<br \/><br \/>\n\t\t\t\t\t\tCon la mirada hacia abajo, serio y sentado en una mesa rodeada de su c\u00edrculo m\u00e1s fiel, Mauricio Macri escuch\u00f3 el discurso en el que Javier Milei cuestion\u00f3 su gesti\u00f3n con datos y asegur\u00f3 que profundizar\u00e1 el programa econ\u00f3mico. Una tribuna libertaria y liberal lo aplaudi\u00f3, y las mesas empresarias tambi\u00e9n, aunque con reparos sobre el d\u00f3lar y los m\u00e1rgenes.<\/p>\n<p>\u201cEl equilibrio est\u00e1 muy finito\u201d, plante\u00f3 un dirigente del agro a PERFIL en la previa de la cena de la Fundaci\u00f3n Libertad. El establishment presente pareci\u00f3 validar el rumbo general, con \u201cperos\u201d sobre un tipo de cambio que necesita \u201c$200 m\u00e1s\u201d, y resultados prometidos que todav\u00eda no se materializaron en los negocios.<\/p>\n<p>En los distintos sectores cuestionan la falta de rentabilidad. \u201cLa guerra en Ir\u00e1n hizo subir el petr\u00f3leo y que el piso quede muy alto y el techo bajo, el margen es nulo\u00bb, explic\u00f3 una fuente empresarial a este medio en el c\u00f3ctel que se realiz\u00f3 en el Golden Center de Parque Norte. Del otro lado del sal\u00f3n, un funcionario del equipo econ\u00f3mico festejaba que los cr\u00e9ditos en d\u00f3lares tomados por exportadores estaban funcionando \u201cmuy bien\u201d.<\/p>\n<p>Milei recibi\u00f3 el Premio Libertad 2026, repudi\u00f3 el ataque a Trump y apunt\u00f3 contra la izquierda: \u00abNo tienen problema en matarnos\u00bb<\/p>\n<p>La incomodidad de Macri y el PRO en modo libertario<\/p>\n<p>El evento anual de la usina ideol\u00f3gica junt\u00f3 por tercer a\u00f1o consecutivo en el mismo lugar a Milei y a Macri, esta vez con un expresidente lejos de las fronteras gubernamentales que critic\u00f3 el ego de los l\u00edderes. Luego, el mandatario nacional se par\u00f3 en el escenario con gr\u00e1ficos comparativos sobre cuentas p\u00fablicas, inflaci\u00f3n y cuenta corriente, entre otros, y asegur\u00f3 ser \u201cel mejor Gobierno de la historia\u201d. La Casa Rosada baj\u00f3 a su plana mayor al evento. El ministro de Econom\u00eda, Toto Caputo, no apart\u00f3 la mirada de Milei en la hora y diez minutos de oratoria que ofreci\u00f3 el jefe de Estado. A su lado, Patricia Bullrich, Karina Milei, Federico Sturzenegger y Diego Santilli en la mesa principal. Manuel Adorni tambi\u00e9n estaba en ese centro; fue recibido por Alejandro Bongiovani, l\u00edder de la Fundaci\u00f3n, y apenas termin\u00f3 el Presidente se lo vio salir a los pocos minutos. \u201cNo pongo las manos en el fuego\u201d, plante\u00f3 a la salida una fuente pol\u00edtica. <\/p>\n<p>&#13;<br \/>\nLas placas resaltaban tanto las falencias del gobierno del Frente de Todos como las de Cambiemos&#13;<\/p>\n<p>En una mesa contigua, la foto del viejo Cambiemos recobr\u00f3 vida. Francisco Cabrera, Dante Sica y Cristian Ritondo rodearon a un Macri serio que no emiti\u00f3 palabra durante el discurso y se fue r\u00e1pido al t\u00e9rmino, sin saludo de Milei. Un Guillermo Francos andaba suelto entre las mesas, a los saludos y besos con todo el mundo, sin muchas definiciones sobre su futuro. Los macristas se mixeaban sonrientes entre el p\u00fablico liberal. \u201cHay mucho PRO que quiere saltar para este lado\u201d, bromeaba un economista af\u00edn a la gesti\u00f3n.<\/p>\n<p>Desgaste y dudas sobre el capital pol\u00edtico<\/p>\n<p>Un clima general ondeaba entre el p\u00fablico, sin distinci\u00f3n partidaria: el Gobierno est\u00e1 \u201cquemando capital pol\u00edtico\u201d, defini\u00f3 un empresario. La sensaci\u00f3n general es que la catarata de acontecimientos que cambian la imagen oficial \u2014el patrimonio de Adorni, las condiciones econ\u00f3micas, entre otras\u2014 son reflejo de lo que pasaba un a\u00f1o atr\u00e1s. Pero la diferencia es que \u201cel a\u00f1o pasado hab\u00eda elecciones\u201d. Por eso el desconcierto: \u201cTantas cosas buenas para comunicar y se esfuerzan en hacer las cosas mal\u201d, cuestionaba un exlibertario.<\/p>\n<p>Los m\u00e1s de 1000 invitados esperaron casi dos horas para comer una carne con papas a la crema, entre el discurso de la ganadora del premio Nobel Marina Corina Machado v\u00eda Zoom, la charla de Macri y el discurso del Presidente. El exmandatario fue entrevistado por \u00c1lvaro Vargas Llosa. Y en un tramo, el hijo del escritor le pregunt\u00f3: \u201c\u00bfLa derecha est\u00e1 de moda en la regi\u00f3n?\u201c. \u201cSoy m\u00e1s optimista\u201d, respondi\u00f3 el expresidente, y argument\u00f3: \u201cEl populismo se est\u00e1 agotando. Tal vez se invent\u00f3 en la Argentina y lo exportamos exitosamente al mundo. Se est\u00e1 agotando ac\u00e1 y en la regi\u00f3n. Hay much\u00edsima m\u00e1s gente que entiende la importancia de la meritocracia, del libre emprender, cosas que antes estaban tapadas\u201d.<\/p>\n<p>Privatizaciones: cu\u00e1les son las empresas que compiten para quedarse con Transener<\/p>\n<p>Gr\u00e1ficos, ortodoxia y un fuerte rechazo a devaluar<\/p>\n<p>Luego Milei mostr\u00f3 una presentaci\u00f3n del economista Ramiro Casti\u00f1eira para elogiar sus propios n\u00fameros de gesti\u00f3n. Lo llamativo es que las placas resaltaban no s\u00f3lo falencias del gobierno del Frente de Todos, sino que tambi\u00e9n inclu\u00edan el per\u00edodo entero de Cambiemos. En ese contexto, cuestion\u00f3 a quienes en el pasado cre\u00edan \u00abque m\u00e1s de un punto por a\u00f1o era un mont\u00f3n\u00bb para ajustar, contrast\u00e1ndolo con el ajuste de 5 puntos del PBI que su gobierno hizo \u00aben un mes\u00bb. Tambi\u00e9n rechaz\u00f3 las advertencias del c\u00edrculo rojo sobre el atraso cambiario, al que ironiz\u00f3 como \u00abel atraso cambiario m\u00e1s loco del mundo\u00bb tras proyectar que las exportaciones tocar\u00e1n los 100 mil millones de d\u00f3lares.<\/p>\n<p>Lejos de ceder ante los pedidos de devaluaci\u00f3n del establishment, argument\u00f3 que \u00abcuando se genera confianza la moneda se aprecia\u00bb y celebr\u00f3 el saneamiento del Banco Central al afirmar que \u00abhoy b\u00e1sicamente no existe m\u00e1s el d\u00e9ficit cuasifiscal\u00bb. Para despejar cualquier duda sobre un posible volantazo frente a la tensi\u00f3n cambiaria, sentenci\u00f3: \u00abNo nos vamos a apartar un \u00e1pice de nuestra ortodoxia\u00bb.<\/p>\n<p>Por otro lado, traz\u00f3 un panorama de la econom\u00eda real diametralmente opuesto al clima de asfixia y m\u00e1rgenes en cero que se respiraba en los pasillos, asegurando que \u00abel PBI, medido por el EMAE, est\u00e1 en su pico m\u00e1ximo\u00bb. En un encendido rechazo a cualquier tipo de auxilio o proteccionismo para los sectores productivos golpeados, advirti\u00f3: \u00abNosotros somos liberales, no decidimos a dedo qu\u00e9 sector gana y qu\u00e9 sector pierde. Don&#8217;t pick the winners\u00bb.<\/p>\n<p>AM\/ML<\/p>\n","protected":false},"excerpt":{"rendered":"<p>Con la mirada hacia abajo, serio y sentado en una mesa rodeada de su c\u00edrculo m\u00e1s fiel, Mauricio Macri escuch\u00f3 el discurso en el que Javier Milei cuestion\u00f3 su gesti\u00f3n con datos y asegur\u00f3 que profundizar\u00e1 el programa econ\u00f3mico. Una tribuna libertaria y liberal lo aplaudi\u00f3, y las mesas empresarias tambi\u00e9n, aunque con reparos sobre [&hellip;]<\/p>\n","protected":false},"author":1,"featured_media":14808,"comment_status":"","ping_status":"","sticky":false,"template":"","format":"standard","meta":{"_monsterinsights_skip_tracking":false,"_monsterinsights_sitenote_active":false,"_monsterinsights_sitenote_note":"","_monsterinsights_sitenote_category":0,"footnotes":"","jetpack_publicize_message":"","jetpack_publicize_feature_enabled":true,"jetpack_social_post_already_shared":true,"jetpack_social_options":{"image_generator_settings":{"template":"highway","default_image_id":0,"font":"","enabled":false},"version":2}},"categories":[11],"tags":[],"class_list":["post-14807","post","type-post","status-publish","format-standard","has-post-thumbnail","hentry","category-actualidad"],"aioseo_notices":[],"jetpack_publicize_connections":[],"amp_enabled":true,"_links":{"self":[{"href":"https:\/\/noticiasdeangostura.com.ar\/index.php?rest_route=\/wp\/v2\/posts\/14807","targetHints":{"allow":["GET"]}}],"collection":[{"href":"https:\/\/noticiasdeangostura.com.ar\/index.php?rest_route=\/wp\/v2\/posts"}],"about":[{"href":"https:\/\/noticiasdeangostura.com.ar\/index.php?rest_route=\/wp\/v2\/types\/post"}],"author":[{"embeddable":true,"href":"https:\/\/noticiasdeangostura.com.ar\/index.php?rest_route=\/wp\/v2\/users\/1"}],"replies":[{"embeddable":true,"href":"https:\/\/noticiasdeangostura.com.ar\/index.php?rest_route=%2Fwp%2Fv2%2Fcomments&post=14807"}],"version-history":[{"count":0,"href":"https:\/\/noticiasdeangostura.com.ar\/index.php?rest_route=\/wp\/v2\/posts\/14807\/revisions"}],"wp:featuredmedia":[{"embeddable":true,"href":"https:\/\/noticiasdeangostura.com.ar\/index.php?rest_route=\/wp\/v2\/media\/14808"}],"wp:attachment":[{"href":"https:\/\/noticiasdeangostura.com.ar\/index.php?rest_route=%2Fwp%2Fv2%2Fmedia&parent=14807"}],"wp:term":[{"taxonomy":"category","embeddable":true,"href":"https:\/\/noticiasdeangostura.com.ar\/index.php?rest_route=%2Fwp%2Fv2%2Fcategories&post=14807"},{"taxonomy":"post_tag","embeddable":true,"href":"https:\/\/noticiasdeangostura.com.ar\/index.php?rest_route=%2Fwp%2Fv2%2Ftags&post=14807"}],"curies":[{"name":"wp","href":"https:\/\/api.w.org\/{rel}","templated":true}]}}