{"id":14827,"date":"2026-04-28T08:53:56","date_gmt":"2026-04-28T11:53:56","guid":{"rendered":"https:\/\/noticiasdeangostura.com.ar\/?p=14827"},"modified":"2026-04-28T08:53:56","modified_gmt":"2026-04-28T11:53:56","slug":"mas-de-850-jovenes-se-inscribieron-en-las-charlas-de-la-expovocacional-de-chos-malal","status":"publish","type":"post","link":"https:\/\/noticiasdeangostura.com.ar\/?p=14827","title":{"rendered":"M\u00e1s de 850 j\u00f3venes se inscribieron en las charlas de la Expovocacional de Chos Malal"},"content":{"rendered":"<p> <br \/>\n<br \/><\/p>\n<p>La muestra de carreras y oficios comenzar\u00e1 su agenda del a\u00f1o en mayo en el Alto Neuqu\u00e9n, y durante el segundo semestre continuar\u00e1 en Zapala y Neuqu\u00e9n capital.<\/p>\n<div>\n<p>A d\u00edas de la primera Expovocacional del a\u00f1o, 860 estudiantes de la regi\u00f3n del Alto Neuqu\u00e9n ya aseguraron su lugar en los espacios de orientaci\u00f3n vocacional. La feria educativa se realizar\u00e1 el 5 y 6 de mayo en Chos Malal.\u00a0<\/p>\n<p>La exposici\u00f3n l\u00edder en toda la Patagonia en lo que refiere a carreras y oficios inaugura en el norte de la provincia el calendario de este a\u00f1o, con presencia confirmada en Zapala y Neuqu\u00e9n durante el segundo semestre. La iniciativa es organizada por\u00a0el Gobierno de la Provincia del Neuqu\u00e9n a trav\u00e9s de ECyDENSE, dependiente del ministerio de Juventud, Deportes y Cultura.\u00a0<\/p>\n<p>Seg\u00fan se inform\u00f3, se inscribieron estudiantes de Las Ovejas, Tricao Malal, Taquimil\u00e1n, Manzano Amargo, El Huec\u00fa, Andacollo, El Cholar, Barracas y Chos Malal.<\/p>\n<p>En las charlas se exploran herramientas vinculadas al autoconocimiento, los proyectos de vida y la autodetecci\u00f3n de intereses y habilidades. Para las personas interesadas, los espacios se reservan a trav\u00e9s del correo electr\u00f3nico\u00a0<a><span class=\"__cf_email__\" data-cfemail=\"9dfef5fceff1fceef8e5edf2ebf2fefcfef4f2f3fcf1ddfaf0fcf4f1b3fef2f0\">[email\u00a0protected]<\/span><\/a><\/p>\n<p>Las actividades est\u00e1n orientadas centralmente a j\u00f3venes que transitan los \u00faltimos a\u00f1os del secundario. Las charlas son los \u00fanicos espacios para los que se reserva lugar previamente, teniendo en cuenta que el auditorio funciona en continuado y con cupos asignados durante ambos d\u00edas del evento, en los que adem\u00e1s habr\u00e1 stands informativos e interactivos.<\/p>\n<p>El vicepresidente de ECyDENSE,\u00a0<strong>Federico Bolan<\/strong>, remarc\u00f3 que \u201c<em>la intenci\u00f3n de la Expo es ser un punto de apoyo para una etapa de transici\u00f3n. Es facilitar herramientas que ayuden a reducir la incertidumbre, dise\u00f1ar un proyecto de vida y tomar decisiones con la mayor informaci\u00f3n posible<\/em>\u201d.<\/p>\n<p>El objetivo de esta pol\u00edtica p\u00fablica es simplificar el acceso a las opciones educativas terciarias y universitarias a estudiantes de todas las regiones de la provincia, para contribuir a la descentralizaci\u00f3n y equidad en el acceso a la educaci\u00f3n.<\/p>\n<p><strong>Propuestas<\/strong><\/p>\n<p>Adem\u00e1s de los espacios de las charlas, en la edici\u00f3n en Chos Malal los estudiantes tomar\u00e1n contacto directo con la propuesta acad\u00e9mica de 28 instituciones educativas p\u00fablicas y privadas, accediendo a una multiplicidad de alternativas de estudio superior: cursos y carreras t\u00e9cnicas, de grado y posgrado.<\/p>\n<p>El ministerio de Educaci\u00f3n participa activamente y el Consejo Provincial de Educaci\u00f3n tendr\u00e1 un lugar destacado para la exposici\u00f3n de su amplia oferta acad\u00e9mica. Adem\u00e1s, habr\u00e1 un espacio espec\u00edfico para el exitoso programa de Becas Gregorio \u00c1lvarez, dise\u00f1ado para acompa\u00f1ar a estudiantes y garantizar la continuidad de sus estudios.\u00a0<\/p>\n<p>Otro de los puntos fuertes de la propuesta es una zona de entretenimientos que mantiene su impronta y genera el clima ideal para el encuentro entre pares a trav\u00e9s de desaf\u00edos, concursos, din\u00e1micas grupales, juegos y tecnolog\u00eda.<\/p>\n<p>\u00a0<\/p>\n<\/p><\/div>\n<p><script type=\"be17d6af48b6e5d32b19b5c0-text\/javascript\">\n    window.addEventListener('load', () => {\n        if (typeof FB !== 'undefined' && FB.init) {\n            \/\/ La SDK de Facebook est\u00e1 inicializada\n        } else {\n            \/\/ La SDK de Facebook no est\u00e1 inicializada\n            var script = document.createElement('script');\n            script.async = true;\n            script.defer = true;\n            script.crossOrigin = 'anonymous';\n            script.src=\"https:\/\/connect.facebook.net\/es_LA\/sdk.js#xfbml=1&version=v17.0&appId=868452105110858&autoLogAppEvents=1\";\n            script.nonce=\"eBgX2sTe\";\n            document.head.appendChild(script);\n        }\n        \/* FIX YOUTUBE (fix width) *\/\n        var youtubeIframes = document.querySelectorAll('iframe[src*=\"youtube.com\/embed\"]');\n        youtubeIframes.forEach(function(iframe) {\n            var containerWidth = iframe.parentElement.clientWidth || iframe.parentElement.offsetWidth;\n            if(containerWidth && iframe.width > containerWidth){\n                iframe.width = containerWidth;\n                iframe.height = (containerWidth \/ 16) * 9; \/\/ Assuming a 16:9 aspect ratio\n            }\n        });\n    });\n<\/script><\/p>\n","protected":false},"excerpt":{"rendered":"<p>La muestra de carreras y oficios comenzar\u00e1 su agenda del a\u00f1o en mayo en el Alto Neuqu\u00e9n, y durante el segundo semestre continuar\u00e1 en Zapala y Neuqu\u00e9n capital. A d\u00edas de la primera Expovocacional del a\u00f1o, 860 estudiantes de la regi\u00f3n del Alto Neuqu\u00e9n ya aseguraron su lugar en los espacios de orientaci\u00f3n vocacional. La [&hellip;]<\/p>\n","protected":false},"author":1,"featured_media":14828,"comment_status":"","ping_status":"","sticky":false,"template":"","format":"standard","meta":{"_monsterinsights_skip_tracking":false,"_monsterinsights_sitenote_active":false,"_monsterinsights_sitenote_note":"","_monsterinsights_sitenote_category":0,"footnotes":"","jetpack_publicize_message":"","jetpack_publicize_feature_enabled":true,"jetpack_social_post_already_shared":true,"jetpack_social_options":{"image_generator_settings":{"template":"highway","default_image_id":0,"font":"","enabled":false},"version":2}},"categories":[4],"tags":[2555,297,2556,1059,555,129,295,115],"class_list":["post-14827","post","type-post","status-publish","format-standard","has-post-thumbnail","hentry","category-regionales","tag-charlas","tag-chos","tag-expovocacional","tag-inscribieron","tag-jovenes","tag-las","tag-malal","tag-mas"],"aioseo_notices":[],"jetpack_publicize_connections":[],"amp_enabled":true,"_links":{"self":[{"href":"https:\/\/noticiasdeangostura.com.ar\/index.php?rest_route=\/wp\/v2\/posts\/14827","targetHints":{"allow":["GET"]}}],"collection":[{"href":"https:\/\/noticiasdeangostura.com.ar\/index.php?rest_route=\/wp\/v2\/posts"}],"about":[{"href":"https:\/\/noticiasdeangostura.com.ar\/index.php?rest_route=\/wp\/v2\/types\/post"}],"author":[{"embeddable":true,"href":"https:\/\/noticiasdeangostura.com.ar\/index.php?rest_route=\/wp\/v2\/users\/1"}],"replies":[{"embeddable":true,"href":"https:\/\/noticiasdeangostura.com.ar\/index.php?rest_route=%2Fwp%2Fv2%2Fcomments&post=14827"}],"version-history":[{"count":0,"href":"https:\/\/noticiasdeangostura.com.ar\/index.php?rest_route=\/wp\/v2\/posts\/14827\/revisions"}],"wp:featuredmedia":[{"embeddable":true,"href":"https:\/\/noticiasdeangostura.com.ar\/index.php?rest_route=\/wp\/v2\/media\/14828"}],"wp:attachment":[{"href":"https:\/\/noticiasdeangostura.com.ar\/index.php?rest_route=%2Fwp%2Fv2%2Fmedia&parent=14827"}],"wp:term":[{"taxonomy":"category","embeddable":true,"href":"https:\/\/noticiasdeangostura.com.ar\/index.php?rest_route=%2Fwp%2Fv2%2Fcategories&post=14827"},{"taxonomy":"post_tag","embeddable":true,"href":"https:\/\/noticiasdeangostura.com.ar\/index.php?rest_route=%2Fwp%2Fv2%2Ftags&post=14827"}],"curies":[{"name":"wp","href":"https:\/\/api.w.org\/{rel}","templated":true}]}}