{"id":14830,"date":"2026-04-28T09:34:25","date_gmt":"2026-04-28T12:34:25","guid":{"rendered":"https:\/\/noticiasdeangostura.com.ar\/?p=14830"},"modified":"2026-04-28T09:34:25","modified_gmt":"2026-04-28T12:34:25","slug":"sturzenegger-confirmo-que-en-junio-enviara-la-desregulacion-inmobiliaria-al-congreso-para-bajar-costos","status":"publish","type":"post","link":"https:\/\/noticiasdeangostura.com.ar\/?p=14830","title":{"rendered":"Sturzenegger confirm\u00f3 que en junio enviar\u00e1 la desregulaci\u00f3n inmobiliaria al Congreso para bajar costos"},"content":{"rendered":"<p> <br \/>\n<br \/><\/p>\n<p>El funcionario anticip\u00f3 un paquete de medidas para eliminar trabas en la compraventa, impulsar la competencia y dinamizar el mercado. Tambi\u00e9n apunt\u00f3 contra los colegios profesionales y habl\u00f3 del rol del cr\u00e9dito hipotecario.<\/p>\n<div>\n<p>El ministro de Desregulaci\u00f3n y Transformaci\u00f3n del Estado, Federico Sturzenegger, confirm\u00f3 que el Gobierno nacional enviar\u00e1 en junio al Congreso un proyecto de desregulaci\u00f3n del mercado inmobiliario con el objetivo de reducir costos en las operaciones de compraventa y fomentar la competencia en el sector.<\/p>\n<p class=\"noEditable noticia-relacionada\" data-id=\"332607\"><ampiframe src=\"https:\/\/www.noticiasnqn.com.ar\/api\/noticias\/332607\/relacionadas?amp=1\" layout=\"fixed-height\" sandbox=\"allow-top-navigation allow-top-navigation-by-user-activation allow-scripts \" height=\"100px\"> <b placeholder=\"\">Lee tambi\u00e9n: Trabajadores del Correo Argentino anuncian paro de 48 horas y trabajo a reglamento<\/b> <\/ampiframe><\/p>\n<p>El anuncio se realiz\u00f3 durante su participaci\u00f3n en un evento del sector inmobiliario, donde detall\u00f3 que la iniciativa buscar\u00e1 \u201cquitar trabas y privilegios\u201d que, seg\u00fan sostuvo, encarecen las transacciones y limitan el desarrollo del mercado.<\/p>\n<p>En ese marco, el funcionario cuestion\u00f3 el rol de los colegios profesionales al considerar que, en algunos casos, imponen restricciones como aranceles m\u00ednimos que terminan elevando los costos. \u201cSi un profesional quiere cobrar menos, no deber\u00eda haber una norma que lo impida\u201d, afirm\u00f3.<\/p>\n<p class=\"noEditable noticia-relacionada\" data-id=\"332640\"><ampiframe src=\"https:\/\/www.noticiasnqn.com.ar\/api\/noticias\/332640\/relacionadas?amp=1\" layout=\"fixed-height\" sandbox=\"allow-top-navigation allow-top-navigation-by-user-activation allow-scripts \" height=\"100px\"> <b placeholder=\"\">Lee tambi\u00e9n: R\u00edo Negro audita tasas municipales en la boleta de luz para controlar aumentos y dar transparencia<\/b> <\/ampiframe><\/p>\n<p>La propuesta incluir\u00e1 cambios en el corretaje inmobiliario, con la intenci\u00f3n de abrir el mercado a nuevos actores, permitir la innovaci\u00f3n y generar mayor competencia. No obstante, advirti\u00f3 que se trata de un proceso complejo, ya que muchas regulaciones dependen de las provincias.<\/p>\n<p>Otro de los ejes centrales de la iniciativa ser\u00e1 la reducci\u00f3n de los costos asociados a la construcci\u00f3n. Sturzenegger se\u00f1al\u00f3 la existencia de \u201ccargas y costos ocultos\u201d que impactan directamente en el precio final de las propiedades, y plante\u00f3 que su eliminaci\u00f3n podr\u00eda mejorar el acceso a la vivienda.<\/p>\n<p>En paralelo, el ministro destac\u00f3 el rol del cr\u00e9dito hipotecario como motor del sector. Asegur\u00f3 que, en un contexto de menor inflaci\u00f3n, el sistema financiero deber\u00e1 adaptarse para captar ahorro de largo plazo y canalizarlo hacia pr\u00e9stamos para la compra de viviendas.<\/p>\n<p class=\"noEditable noticia-relacionada\" data-id=\"332655\"><ampiframe src=\"https:\/\/www.noticiasnqn.com.ar\/api\/noticias\/332655\/relacionadas?amp=1\" layout=\"fixed-height\" sandbox=\"allow-top-navigation allow-top-navigation-by-user-activation allow-scripts \" height=\"100px\"> <b placeholder=\"\">Lee tambi\u00e9n: Zapala avanza con el asfalto en barrio Jard\u00edn: ya ejecutan nuevas cuadras y proyectan llegar a 20<\/b> <\/ampiframe><\/p>\n<p>Tambi\u00e9n vincul\u00f3 el crecimiento del mercado inmobiliario con el desarrollo econ\u00f3mico, y mencion\u00f3 regiones con potencial de expansi\u00f3n como Vaca Muerta, donde prev\u00e9 un aumento de inversiones en los pr\u00f3ximos a\u00f1os.<\/p>\n<p>En relaci\u00f3n a los alquileres, defendi\u00f3 la desregulaci\u00f3n implementada por el Gobierno y asegur\u00f3 que permiti\u00f3 aumentar la oferta y generar contratos m\u00e1s flexibles. Seg\u00fan indic\u00f3, este tipo de medidas favorece la aparici\u00f3n de nuevas alternativas dentro del mercado.<\/p>\n<p>Finalmente, el funcionario remarc\u00f3 que el objetivo del proyecto es lograr un mercado m\u00e1s din\u00e1mico, competitivo y accesible. \u201cQueremos que haya m\u00e1s oferta, m\u00e1s competencia y menos costos para quienes compran o alquilan\u201d, concluy\u00f3.<\/p>\n<\/p><\/div>\n","protected":false},"excerpt":{"rendered":"<p>El funcionario anticip\u00f3 un paquete de medidas para eliminar trabas en la compraventa, impulsar la competencia y dinamizar el mercado. Tambi\u00e9n apunt\u00f3 contra los colegios profesionales y habl\u00f3 del rol del cr\u00e9dito hipotecario. El ministro de Desregulaci\u00f3n y Transformaci\u00f3n del Estado, Federico Sturzenegger, confirm\u00f3 que el Gobierno nacional enviar\u00e1 en junio al Congreso un proyecto [&hellip;]<\/p>\n","protected":false},"author":1,"featured_media":14831,"comment_status":"","ping_status":"","sticky":false,"template":"","format":"standard","meta":{"_monsterinsights_skip_tracking":false,"_monsterinsights_sitenote_active":false,"_monsterinsights_sitenote_note":"","_monsterinsights_sitenote_category":0,"footnotes":"","jetpack_publicize_message":"","jetpack_publicize_feature_enabled":true,"jetpack_social_post_already_shared":true,"jetpack_social_options":{"image_generator_settings":{"template":"highway","default_image_id":0,"font":"","enabled":false},"version":2}},"categories":[1],"tags":[],"class_list":["post-14830","post","type-post","status-publish","format-standard","has-post-thumbnail","hentry","category-ultimas-noticias"],"aioseo_notices":[],"jetpack_publicize_connections":[],"amp_enabled":true,"_links":{"self":[{"href":"https:\/\/noticiasdeangostura.com.ar\/index.php?rest_route=\/wp\/v2\/posts\/14830","targetHints":{"allow":["GET"]}}],"collection":[{"href":"https:\/\/noticiasdeangostura.com.ar\/index.php?rest_route=\/wp\/v2\/posts"}],"about":[{"href":"https:\/\/noticiasdeangostura.com.ar\/index.php?rest_route=\/wp\/v2\/types\/post"}],"author":[{"embeddable":true,"href":"https:\/\/noticiasdeangostura.com.ar\/index.php?rest_route=\/wp\/v2\/users\/1"}],"replies":[{"embeddable":true,"href":"https:\/\/noticiasdeangostura.com.ar\/index.php?rest_route=%2Fwp%2Fv2%2Fcomments&post=14830"}],"version-history":[{"count":0,"href":"https:\/\/noticiasdeangostura.com.ar\/index.php?rest_route=\/wp\/v2\/posts\/14830\/revisions"}],"wp:featuredmedia":[{"embeddable":true,"href":"https:\/\/noticiasdeangostura.com.ar\/index.php?rest_route=\/wp\/v2\/media\/14831"}],"wp:attachment":[{"href":"https:\/\/noticiasdeangostura.com.ar\/index.php?rest_route=%2Fwp%2Fv2%2Fmedia&parent=14830"}],"wp:term":[{"taxonomy":"category","embeddable":true,"href":"https:\/\/noticiasdeangostura.com.ar\/index.php?rest_route=%2Fwp%2Fv2%2Fcategories&post=14830"},{"taxonomy":"post_tag","embeddable":true,"href":"https:\/\/noticiasdeangostura.com.ar\/index.php?rest_route=%2Fwp%2Fv2%2Ftags&post=14830"}],"curies":[{"name":"wp","href":"https:\/\/api.w.org\/{rel}","templated":true}]}}