{"id":14834,"date":"2026-04-28T09:58:45","date_gmt":"2026-04-28T12:58:45","guid":{"rendered":"https:\/\/noticiasdeangostura.com.ar\/?p=14834"},"modified":"2026-04-28T09:58:45","modified_gmt":"2026-04-28T12:58:45","slug":"avanza-la-privatizacion-de-transener-y-reconfigura-el-mapa-energetico-argentino","status":"publish","type":"post","link":"https:\/\/noticiasdeangostura.com.ar\/?p=14834","title":{"rendered":"Avanza la privatizaci\u00f3n de Transener y reconfigura el mapa energ\u00e9tico argentino"},"content":{"rendered":"<p> <br \/>\n<br \/><\/p>\n<p>El Gobierno impulsa la venta de la transportista el\u00e9ctrica en el marco de la privatizaci\u00f3n de ENARSA, en un proceso que redefine el control de una infraestructura clave. <\/p>\n<p>Transener opera m\u00e1s de 12.400 kil\u00f3metros de l\u00edneas de alta tensi\u00f3n, pieza central del sistema el\u00e9ctrico nacional.<\/p>\n<div>\n<p>El gobierno de Javier Milei avanza en la privatizaci\u00f3n de <a href=\"https:\/\/www.transener.com.ar\/\" target=\"_blank\" rel=\"noopener\">Transener<\/a>, la principal empresa de transporte de energ\u00eda el\u00e9ctrica en alta tensi\u00f3n del pa\u00eds, en una medida que se inscribe dentro de la estrategia de retiro del Estado del <a href=\"https:\/\/www.alertadigital.ar\/noticias\/2026\/04\/24\/162774-galuccio-y-el-garage-energetico-como-creo-una-petrolera-de-us-8000-millones-desde-cero\" target=\"_blank\" rel=\"noopener\">sector energ\u00e9tico<\/a>. La iniciativa contempla la venta de las acciones que ENARSA posee en CITELEC, la sociedad controlante de la compa\u00f1\u00eda.<\/p>\n<p>Transener administra una infraestructura cr\u00edtica del Sistema Argentino de Interconexi\u00f3n (SADI), con m\u00e1s de 12.400 kil\u00f3metros de l\u00edneas de transmisi\u00f3n, a los que se suman otros 6.228 kil\u00f3metros operados por su controlada Transba. Se trata de una red clave para el funcionamiento del sistema el\u00e9ctrico nacional, considerada un monopolio natural por su rol estrat\u00e9gico.<\/p>\n<p>El proceso de privatizaci\u00f3n se da en un contexto de cambios regulatorios y paralizaci\u00f3n de obras de expansi\u00f3n impulsadas por el Estado en a\u00f1os anteriores. En su lugar, el Gobierno busca promover la inversi\u00f3n privada para el desarrollo de infraestructura, aunque hasta el momento no se registran avances significativos en nuevos proyectos.<\/p>\n<p>En esta etapa, tres grupos econ\u00f3micos aparecen como principales interesados en adquirir la compa\u00f1\u00eda. Entre ellos, Genneia, asociada con Edison Energ\u00eda y el grupo Newsan; Central Puerto, que tambi\u00e9n expande su presencia en hidrocarburos vinculados a Vaca Muerta; y Edenor, controlada por Integra Capital.<\/p>\n<p>Analistas del sector advierten que el proceso no implica la llegada de nuevos actores, sino una reconfiguraci\u00f3n entre los principales grupos locales que ya participan en generaci\u00f3n, distribuci\u00f3n y producci\u00f3n de energ\u00eda. Este escenario podr\u00eda derivar en una mayor concentraci\u00f3n del mercado, en contraste con los principios de competencia promovidos por el Gobierno.<\/p>\n<p>Hist\u00f3ricamente, la expansi\u00f3n de la red de alta tensi\u00f3n en Argentina estuvo impulsada principalmente por el Estado, especialmente entre 2006 y 2015. En contraste, durante per\u00edodos de pol\u00edticas de corte liberal, la incorporaci\u00f3n de nuevas l\u00edneas fue limitada, lo que gener\u00f3 cuellos de botella en la infraestructura.<\/p>\n<p>El transporte el\u00e9ctrico fue privatizado en la d\u00e9cada de 1990, durante el gobierno de Carlos Menem, en el marco de la reforma del sector energ\u00e9tico basada en la desregulaci\u00f3n y apertura al capital privado. En ese contexto se cre\u00f3 Transener, cuya concesi\u00f3n fue otorgada por 95 a\u00f1os.<\/p>\n<p>Tras la crisis de 2001, el Estado recuper\u00f3 participaci\u00f3n en la compa\u00f1\u00eda a trav\u00e9s del ingreso de ENARSA, en un intento por reforzar el control sobre una infraestructura estrat\u00e9gica. Sin embargo, el actual proceso retoma la intenci\u00f3n de reducir nuevamente esa participaci\u00f3n estatal.<\/p>\n<p>El debate sobre la privatizaci\u00f3n de Transener vuelve a poner en discusi\u00f3n el rol del Estado en sectores clave como la energ\u00eda. Mientras el Gobierno sostiene que la gesti\u00f3n privada permitir\u00e1 mejorar la eficiencia, sectores cr\u00edticos advierten sobre los riesgos de ceder el control de una red estrat\u00e9gica, clave para el desarrollo econ\u00f3mico y la soberan\u00eda energ\u00e9tica del pa\u00eds.<\/p>\n<\/p><\/div>\n","protected":false},"excerpt":{"rendered":"<p>El Gobierno impulsa la venta de la transportista el\u00e9ctrica en el marco de la privatizaci\u00f3n de ENARSA, en un proceso que redefine el control de una infraestructura clave. Transener opera m\u00e1s de 12.400 kil\u00f3metros de l\u00edneas de alta tensi\u00f3n, pieza central del sistema el\u00e9ctrico nacional. El gobierno de Javier Milei avanza en la privatizaci\u00f3n de [&hellip;]<\/p>\n","protected":false},"author":1,"featured_media":14835,"comment_status":"","ping_status":"","sticky":false,"template":"","format":"standard","meta":{"_monsterinsights_skip_tracking":false,"_monsterinsights_sitenote_active":false,"_monsterinsights_sitenote_note":"","_monsterinsights_sitenote_category":0,"footnotes":"","jetpack_publicize_message":"","jetpack_publicize_feature_enabled":true,"jetpack_social_post_already_shared":true,"jetpack_social_options":{"image_generator_settings":{"template":"highway","default_image_id":0,"font":"","enabled":false},"version":2}},"categories":[1],"tags":[],"class_list":["post-14834","post","type-post","status-publish","format-standard","has-post-thumbnail","hentry","category-ultimas-noticias"],"aioseo_notices":[],"jetpack_publicize_connections":[],"amp_enabled":true,"_links":{"self":[{"href":"https:\/\/noticiasdeangostura.com.ar\/index.php?rest_route=\/wp\/v2\/posts\/14834","targetHints":{"allow":["GET"]}}],"collection":[{"href":"https:\/\/noticiasdeangostura.com.ar\/index.php?rest_route=\/wp\/v2\/posts"}],"about":[{"href":"https:\/\/noticiasdeangostura.com.ar\/index.php?rest_route=\/wp\/v2\/types\/post"}],"author":[{"embeddable":true,"href":"https:\/\/noticiasdeangostura.com.ar\/index.php?rest_route=\/wp\/v2\/users\/1"}],"replies":[{"embeddable":true,"href":"https:\/\/noticiasdeangostura.com.ar\/index.php?rest_route=%2Fwp%2Fv2%2Fcomments&post=14834"}],"version-history":[{"count":0,"href":"https:\/\/noticiasdeangostura.com.ar\/index.php?rest_route=\/wp\/v2\/posts\/14834\/revisions"}],"wp:featuredmedia":[{"embeddable":true,"href":"https:\/\/noticiasdeangostura.com.ar\/index.php?rest_route=\/wp\/v2\/media\/14835"}],"wp:attachment":[{"href":"https:\/\/noticiasdeangostura.com.ar\/index.php?rest_route=%2Fwp%2Fv2%2Fmedia&parent=14834"}],"wp:term":[{"taxonomy":"category","embeddable":true,"href":"https:\/\/noticiasdeangostura.com.ar\/index.php?rest_route=%2Fwp%2Fv2%2Fcategories&post=14834"},{"taxonomy":"post_tag","embeddable":true,"href":"https:\/\/noticiasdeangostura.com.ar\/index.php?rest_route=%2Fwp%2Fv2%2Ftags&post=14834"}],"curies":[{"name":"wp","href":"https:\/\/api.w.org\/{rel}","templated":true}]}}