{"id":14846,"date":"2026-04-28T11:59:38","date_gmt":"2026-04-28T14:59:38","guid":{"rendered":"https:\/\/noticiasdeangostura.com.ar\/?p=14846"},"modified":"2026-04-28T11:59:38","modified_gmt":"2026-04-28T14:59:38","slug":"elecciones-vecinales-todo-lo-que-hay-que-saber-para-votar-en-viedma","status":"publish","type":"post","link":"https:\/\/noticiasdeangostura.com.ar\/?p=14846","title":{"rendered":"Elecciones vecinales: todo lo que hay que saber para votar en Viedma"},"content":{"rendered":"<p> <br \/>\n<br \/><br \/>La primera compulsa del a\u00f1o involucra a los vecinos del barrio F\u00e1tima. La sede de la JEM est\u00e1 ubicada sobre calle Brown.  Foto Vanesa Schwemmler para NoticiasNet.<br \/>\n    La Junta Electoral Municipal (JEM) inici\u00f3 un a\u00f1o cargado de renovaci\u00f3n de autoridades vecinales con un cronograma electoral que arrancar\u00e1 el pr\u00f3ximo 9 de mayo, comenzando con los comicios en el barrio Zatti. En esta nueva etapa, se convocan a elecciones para cubrir los cargos de presidente, vicepresidente, secretario, tesorero, vocales titulares y suplentes, as\u00ed como revisores de cuentas titulares y suplentes.Le\u00e9 tambi\u00e9n: M\u00e1s seguridad, menos peligros: c\u00f3mo es el plan para regularizar la luz en los barrios populares de ViedmaLos padrones electorales ya se encuentran disponibles para su consulta en las respectivas sedes de las juntas vecinales y tambi\u00e9n en el edificio perteneciente a la Junta Electoral Municipal, situada en calle Brown 161, 1\u00ba piso.En di\u00e1logo con NoticiasNet, el presidente de la Junta Electoral Municipal, Adri\u00e1n Salceda, brind\u00f3 detalles sobre el cronograma electoral, haciendo especial \u00e9nfasis en los barrios F\u00e1tima y 22 de Abril, donde las elecciones tambi\u00e9n se llevar\u00e1n a cabo el 9 de mayo de 2026.En el barrio F\u00e1tima, la contienda estar\u00e1 protagonizada por dos listas: la N\u00ba 87, encabezada por Gisela Paola Segura, y la N\u00ba 135, liderada por Esteban Luna. Para esta elecci\u00f3n, est\u00e1n habilitadas para votar un total de 2.302 personas, y los comicios se desarrollar\u00e1n en la escuela N\u00ba7, ubicada en la intersecci\u00f3n de Tucum\u00e1n y 7 de Marzo.Por su parte, en el barrio 22 de Abril se present\u00f3 una \u00fanica lista, encabezada por Mar\u00eda Eugenia Rosas, quien competir\u00e1 sin oposici\u00f3n en esta renovaci\u00f3n de autoridades, por lo tanto ser\u00e1 confirmada con un acta.La continuidad del cronograma es el siguiente: el 16 de mayo ser\u00e1 el turno de las elecciones en los barrios Los Fresnos y 14 de Marzo. El 23 de mayo se llevar\u00e1n adelante las elecciones en los barrios Art\u00e9mides Zatti y Las Flores. Las elecciones en el barrio Ceferino y en el balneario El C\u00f3ndor se fij\u00f3 para el d\u00eda 30 de mayo, siendo la fecha l\u00edmite para la presentaci\u00f3n de listas el d\u00eda 30 de abril de 2026. El decreto notifica de ello a la Junta Electoral Municipal a los fines de elaborar el cronograma y padrones electores correspndientes.\u00a0<\/p>\n","protected":false},"excerpt":{"rendered":"<p>La primera compulsa del a\u00f1o involucra a los vecinos del barrio F\u00e1tima. La sede de la JEM est\u00e1 ubicada sobre calle Brown. Foto Vanesa Schwemmler para NoticiasNet. La Junta Electoral Municipal (JEM) inici\u00f3 un a\u00f1o cargado de renovaci\u00f3n de autoridades vecinales con un cronograma electoral que arrancar\u00e1 el pr\u00f3ximo 9 de mayo, comenzando con los [&hellip;]<\/p>\n","protected":false},"author":1,"featured_media":14847,"comment_status":"","ping_status":"","sticky":false,"template":"","format":"standard","meta":{"_monsterinsights_skip_tracking":false,"_monsterinsights_sitenote_active":false,"_monsterinsights_sitenote_note":"","_monsterinsights_sitenote_category":0,"footnotes":"","jetpack_publicize_message":"","jetpack_publicize_feature_enabled":true,"jetpack_social_post_already_shared":true,"jetpack_social_options":{"image_generator_settings":{"template":"highway","default_image_id":0,"font":"","enabled":false},"version":2}},"categories":[5],"tags":[],"class_list":["post-14846","post","type-post","status-publish","format-standard","has-post-thumbnail","hentry","category-politica"],"aioseo_notices":[],"jetpack_publicize_connections":[],"amp_enabled":true,"_links":{"self":[{"href":"https:\/\/noticiasdeangostura.com.ar\/index.php?rest_route=\/wp\/v2\/posts\/14846","targetHints":{"allow":["GET"]}}],"collection":[{"href":"https:\/\/noticiasdeangostura.com.ar\/index.php?rest_route=\/wp\/v2\/posts"}],"about":[{"href":"https:\/\/noticiasdeangostura.com.ar\/index.php?rest_route=\/wp\/v2\/types\/post"}],"author":[{"embeddable":true,"href":"https:\/\/noticiasdeangostura.com.ar\/index.php?rest_route=\/wp\/v2\/users\/1"}],"replies":[{"embeddable":true,"href":"https:\/\/noticiasdeangostura.com.ar\/index.php?rest_route=%2Fwp%2Fv2%2Fcomments&post=14846"}],"version-history":[{"count":0,"href":"https:\/\/noticiasdeangostura.com.ar\/index.php?rest_route=\/wp\/v2\/posts\/14846\/revisions"}],"wp:featuredmedia":[{"embeddable":true,"href":"https:\/\/noticiasdeangostura.com.ar\/index.php?rest_route=\/wp\/v2\/media\/14847"}],"wp:attachment":[{"href":"https:\/\/noticiasdeangostura.com.ar\/index.php?rest_route=%2Fwp%2Fv2%2Fmedia&parent=14846"}],"wp:term":[{"taxonomy":"category","embeddable":true,"href":"https:\/\/noticiasdeangostura.com.ar\/index.php?rest_route=%2Fwp%2Fv2%2Fcategories&post=14846"},{"taxonomy":"post_tag","embeddable":true,"href":"https:\/\/noticiasdeangostura.com.ar\/index.php?rest_route=%2Fwp%2Fv2%2Ftags&post=14846"}],"curies":[{"name":"wp","href":"https:\/\/api.w.org\/{rel}","templated":true}]}}