{"id":14848,"date":"2026-04-28T12:01:15","date_gmt":"2026-04-28T15:01:15","guid":{"rendered":"https:\/\/noticiasdeangostura.com.ar\/?p=14848"},"modified":"2026-04-28T12:01:15","modified_gmt":"2026-04-28T15:01:15","slug":"acuerdos-para-abordar-situaciones-criticas-en-escuelas-de-neuquen","status":"publish","type":"post","link":"https:\/\/noticiasdeangostura.com.ar\/?p=14848","title":{"rendered":"Acuerdos para abordar situaciones cr\u00edticas en escuelas de Neuqu\u00e9n"},"content":{"rendered":"<p> <br \/>\n<br \/><\/p>\n<p>Se trabajar\u00e1 en conjunto entre la cartera provincial y el Ministerio P\u00fablico de la Defensa. Los detalles de c\u00f3mo se trabajar\u00e1 ante temas como bullying, acoso, ausentismo y desvinculaci\u00f3n escolar, violencia familiar, salud mental, consumo problem\u00e1tico, y embarazo adolescente.<\/p>\n<p>La ministra de Educaci\u00f3n de la Provincia, Soledad Mart\u00ednez, y la Defensora General del Ministerio P\u00fablico de la Defensa, Vanina Merlo, firmaron un Convenio Marco de Cooperaci\u00f3n y Compromiso. Foto: Neuqu\u00e9n Informa<\/p>\n<div>\n<p><a href=\"https:\/\/www.neuqueninforma.gob.ar\/noticias\/2026\/04\/28\/256848-educacion-y-el-ministerio-publico-de-la-defensa-firmaron-convenio-de-articulacion\" target=\"_blank\" rel=\"noopener\"><strong>El gobierno del Neuqu\u00e9n<\/strong><\/a> avanz\u00f3 en la consolidaci\u00f3n de un esquema integral para <strong>intervenir ante situaciones problem\u00e1ticas en las escuelas<\/strong>, a partir de la firma de un convenio entre el <strong>ministerio de Educaci\u00f3n y el Ministerio P\u00fablico de la Defensa<\/strong>. La iniciativa pone el foco en el dise\u00f1o de herramientas concretas para actuar frente a conflictos que atraviesan la vida escolar, con un abordaje coordinado, interdisciplinario y centrado en la protecci\u00f3n de derechos.<\/p>\n<p>El acuerdo, rubricado por la ministra <a href=\"https:\/\/www.neuqueninforma.gob.ar\/noticias\/2026\/04\/28\/256848-educacion-y-el-ministerio-publico-de-la-defensa-firmaron-convenio-de-articulacion\" target=\"_blank\" rel=\"noopener\"><strong>Soledad Mart\u00ednez<\/strong><\/a> y la defensora general <a href=\"https:\/\/www.neuqueninforma.gob.ar\/noticias\/2026\/04\/28\/256848-educacion-y-el-ministerio-publico-de-la-defensa-firmaron-convenio-de-articulacion\" target=\"_blank\" rel=\"noopener\"><strong>Vanina Merlo<\/strong><\/a>, establece la implementaci\u00f3n de protocolos de actuaci\u00f3n y la generaci\u00f3n de espacios de trabajo conjunto que permitan a las instituciones educativas responder de manera organizada ante escenarios complejos. Entre ellos, se incluyen casos de bullying, acoso y ciberacoso, ausentismo y desvinculaci\u00f3n escolar, violencia familiar, problemas de salud mental, consumos problem\u00e1ticos y embarazo adolescente.<\/p>\n<p>Uno de los ejes centrales ser\u00e1 la construcci\u00f3n de dispositivos de intervenci\u00f3n temprana dentro de las escuelas, con el objetivo de detectar situaciones de riesgo y actuar antes de que se profundicen. Para ello, se prev\u00e9 la capacitaci\u00f3n de equipos docentes y directivos, as\u00ed como la articulaci\u00f3n con organismos del sistema de protecci\u00f3n integral establecido por la Ley 2302.<\/p>\n<p>Adem\u00e1s, se promover\u00e1 la conformaci\u00f3n de redes interinstitucionales que acompa\u00f1en a las escuelas en la resoluci\u00f3n de conflictos, fortaleciendo el trabajo conjunto entre el sistema educativo, las defensor\u00edas y otros actores del Estado. Este enfoque apunta a garantizar la continuidad educativa y la inclusi\u00f3n, incluso en contextos adversos.<\/p>\n<h2>Protocolos para situaciones cr\u00edticas<\/h2>\n<p>El convenio tambi\u00e9n contempla la elaboraci\u00f3n de protocolos claros que funcionen como gu\u00eda ante situaciones cr\u00edticas. Estas herramientas buscar\u00e1n ordenar la respuesta institucional, definiendo pasos de actuaci\u00f3n y responsabilidades, aunque contemplando las particularidades de cada escuela y de cada regi\u00f3n.<\/p>\n<p>Otro aspecto relevante ser\u00e1 la incorporaci\u00f3n de estrategias vinculadas al nuevo R\u00e9gimen Penal Juvenil (Ley 27.801), que comenzar\u00e1 a aplicarse en septiembre. En este marco, se impulsar\u00e1n acciones de sensibilizaci\u00f3n y formaci\u00f3n para abordar la situaci\u00f3n de adolescentes en conflicto con la ley penal desde una perspectiva de derechos y con enfoques de justicia restaurativa.<\/p>\n<p>Desde el Ministerio de Educaci\u00f3n destacaron que el trabajo tambi\u00e9n incluir\u00e1 el fortalecimiento de las responsabilidades parentales, entendiendo que muchas de las situaciones que emergen en la escuela reflejan fallas previas en los sistemas de contenci\u00f3n.<\/p>\n<p>Con esta iniciativa, la provincia busca dotar a las escuelas de herramientas concretas para enfrentar problem\u00e1ticas complejas, mejorar la capacidad de respuesta institucional y garantizar entornos educativos m\u00e1s cuidados, inclusivos y acompa\u00f1ados por el Estado, seg\u00fan se inform\u00f3.\u00a0<\/p>\n<\/p><\/div>\n","protected":false},"excerpt":{"rendered":"<p>Se trabajar\u00e1 en conjunto entre la cartera provincial y el Ministerio P\u00fablico de la Defensa. Los detalles de c\u00f3mo se trabajar\u00e1 ante temas como bullying, acoso, ausentismo y desvinculaci\u00f3n escolar, violencia familiar, salud mental, consumo problem\u00e1tico, y embarazo adolescente. La ministra de Educaci\u00f3n de la Provincia, Soledad Mart\u00ednez, y la Defensora General del Ministerio P\u00fablico [&hellip;]<\/p>\n","protected":false},"author":1,"featured_media":14849,"comment_status":"","ping_status":"","sticky":false,"template":"","format":"standard","meta":{"_monsterinsights_skip_tracking":false,"_monsterinsights_sitenote_active":false,"_monsterinsights_sitenote_note":"","_monsterinsights_sitenote_category":0,"footnotes":"","jetpack_publicize_message":"","jetpack_publicize_feature_enabled":true,"jetpack_social_post_already_shared":true,"jetpack_social_options":{"image_generator_settings":{"template":"highway","default_image_id":0,"font":"","enabled":false},"version":2}},"categories":[1],"tags":[],"class_list":["post-14848","post","type-post","status-publish","format-standard","has-post-thumbnail","hentry","category-ultimas-noticias"],"aioseo_notices":[],"jetpack_publicize_connections":[],"amp_enabled":true,"_links":{"self":[{"href":"https:\/\/noticiasdeangostura.com.ar\/index.php?rest_route=\/wp\/v2\/posts\/14848","targetHints":{"allow":["GET"]}}],"collection":[{"href":"https:\/\/noticiasdeangostura.com.ar\/index.php?rest_route=\/wp\/v2\/posts"}],"about":[{"href":"https:\/\/noticiasdeangostura.com.ar\/index.php?rest_route=\/wp\/v2\/types\/post"}],"author":[{"embeddable":true,"href":"https:\/\/noticiasdeangostura.com.ar\/index.php?rest_route=\/wp\/v2\/users\/1"}],"replies":[{"embeddable":true,"href":"https:\/\/noticiasdeangostura.com.ar\/index.php?rest_route=%2Fwp%2Fv2%2Fcomments&post=14848"}],"version-history":[{"count":0,"href":"https:\/\/noticiasdeangostura.com.ar\/index.php?rest_route=\/wp\/v2\/posts\/14848\/revisions"}],"wp:featuredmedia":[{"embeddable":true,"href":"https:\/\/noticiasdeangostura.com.ar\/index.php?rest_route=\/wp\/v2\/media\/14849"}],"wp:attachment":[{"href":"https:\/\/noticiasdeangostura.com.ar\/index.php?rest_route=%2Fwp%2Fv2%2Fmedia&parent=14848"}],"wp:term":[{"taxonomy":"category","embeddable":true,"href":"https:\/\/noticiasdeangostura.com.ar\/index.php?rest_route=%2Fwp%2Fv2%2Fcategories&post=14848"},{"taxonomy":"post_tag","embeddable":true,"href":"https:\/\/noticiasdeangostura.com.ar\/index.php?rest_route=%2Fwp%2Fv2%2Ftags&post=14848"}],"curies":[{"name":"wp","href":"https:\/\/api.w.org\/{rel}","templated":true}]}}