{"id":14850,"date":"2026-04-28T12:02:37","date_gmt":"2026-04-28T15:02:37","guid":{"rendered":"https:\/\/noticiasdeangostura.com.ar\/?p=14850"},"modified":"2026-04-28T12:02:37","modified_gmt":"2026-04-28T15:02:37","slug":"mercado-libre-invertira-us-3-millones-y-abrira-nuevas-oficinas-en-villa-allende","status":"publish","type":"post","link":"https:\/\/noticiasdeangostura.com.ar\/?p=14850","title":{"rendered":"Mercado Libre invertir\u00e1 US$ 3 millones y abrir\u00e1 nuevas oficinas en Villa Allende"},"content":{"rendered":"<p> <br \/>\n<br \/><br \/>\n\t\t\t\t\t\tLa empresa Mercado Libre anunci\u00f3 el desarrollo de nuevas oficinas en Villa Allende, en el marco de su estrategia de expansi\u00f3n en la provincia. El proyecto contempla una inversi\u00f3n de 3 millones de d\u00f3lares y la construcci\u00f3n de un espacio de 2.000 metros cuadrados, que estar\u00e1 ubicado en el edificio Tribeca y se inaugurar\u00e1 en enero de 2027.<\/p>\n<p>La iniciativa busca consolidar el crecimiento de la compa\u00f1\u00eda en C\u00f3rdoba, donde actualmente m\u00e1s de 1.300 personas integran su equipo en \u00e1reas tecnol\u00f3gicas y de desarrollo de producto. Tras el cierre de su oficina anterior en 2025, la operaci\u00f3n continu\u00f3 de manera remota, manteniendo la actividad y los proyectos en marcha.<\/p>\n<p>El nuevo espacio fue concebido para acompa\u00f1ar un modelo de trabajo h\u00edbrido y flexible, en l\u00ednea con las nuevas din\u00e1micas laborales del sector tecnol\u00f3gico. Desde la compa\u00f1\u00eda destacaron que C\u00f3rdoba representa una plaza estrat\u00e9gica para su desarrollo regional.<\/p>\n<p>El presidente de la firma en Argentina, Juan Mart\u00edn de la Serna, remarc\u00f3 que la provincia concentra talento clave para la innovaci\u00f3n. \u201cC\u00f3rdoba es una plaza clave para Mercado Libre, donde construimos equipos que son parte fundamental de nuestra innovaci\u00f3n en la regi\u00f3n\u201d. En ese sentido, se\u00f1al\u00f3 que el proyecto apunta a fortalecer la colaboraci\u00f3n, la cultura organizacional y el desarrollo profesional dentro de la empresa.<\/p>\n<p>Mercado Libre cierra sus oficinas en C\u00f3rdoba y apunt\u00f3 a Passerini: \u00abEs un monto desproporcionado\u00bb<\/p>\n<p>El rol de Villa Allende y la planificaci\u00f3n urbana<\/p>\n<p>Desde el \u00e1mbito local, el intendente de Villa Allende, Pablo Cornet, destac\u00f3 que la llegada de la empresa responde a una estrategia de desarrollo planificada. Seg\u00fan explic\u00f3, la radicaci\u00f3n fue posible gracias a herramientas como la Ordenanza 48\/25, dise\u00f1ada para fomentar inversiones privadas y generar condiciones de seguridad jur\u00eddica. \u201cLa llegada de Mercado Libre no es casualidad; es fruto de una planificaci\u00f3n seria y de incentivos concretos para atraer empresas\u201d.<\/p>\n<p>El jefe comunal subray\u00f3 adem\u00e1s que este tipo de proyectos no solo impactan en grandes compa\u00f1\u00edas, sino que fortalecen el ecosistema local y generan empleo genuino.<\/p>\n<p>Impacto en el ecosistema productivo<\/p>\n<p>La presencia de Mercado Libre en C\u00f3rdoba ya tiene un peso significativo en la econom\u00eda regional. La compa\u00f1\u00eda cuenta con cinco centros log\u00edsticos de \u00faltima milla, con capacidad para procesar hasta 75.000 paquetes diarios, y m\u00e1s de 17.000 PyMEs y emprendedores cordobeses utilizan su plataforma para vender productos en todo el pa\u00eds. En ese contexto, la apertura de nuevas oficinas se inscribe en una estrategia m\u00e1s amplia orientada a consolidar el crecimiento del comercio electr\u00f3nico y los servicios financieros digitales en la regi\u00f3n.<\/p>\n","protected":false},"excerpt":{"rendered":"<p>La empresa Mercado Libre anunci\u00f3 el desarrollo de nuevas oficinas en Villa Allende, en el marco de su estrategia de expansi\u00f3n en la provincia. El proyecto contempla una inversi\u00f3n de 3 millones de d\u00f3lares y la construcci\u00f3n de un espacio de 2.000 metros cuadrados, que estar\u00e1 ubicado en el edificio Tribeca y se inaugurar\u00e1 en [&hellip;]<\/p>\n","protected":false},"author":1,"featured_media":14851,"comment_status":"","ping_status":"","sticky":false,"template":"","format":"standard","meta":{"_monsterinsights_skip_tracking":false,"_monsterinsights_sitenote_active":false,"_monsterinsights_sitenote_note":"","_monsterinsights_sitenote_category":0,"footnotes":"","jetpack_publicize_message":"","jetpack_publicize_feature_enabled":true,"jetpack_social_post_already_shared":true,"jetpack_social_options":{"image_generator_settings":{"template":"highway","default_image_id":0,"font":"","enabled":false},"version":2}},"categories":[11],"tags":[],"class_list":["post-14850","post","type-post","status-publish","format-standard","has-post-thumbnail","hentry","category-actualidad"],"aioseo_notices":[],"jetpack_publicize_connections":[],"amp_enabled":true,"_links":{"self":[{"href":"https:\/\/noticiasdeangostura.com.ar\/index.php?rest_route=\/wp\/v2\/posts\/14850","targetHints":{"allow":["GET"]}}],"collection":[{"href":"https:\/\/noticiasdeangostura.com.ar\/index.php?rest_route=\/wp\/v2\/posts"}],"about":[{"href":"https:\/\/noticiasdeangostura.com.ar\/index.php?rest_route=\/wp\/v2\/types\/post"}],"author":[{"embeddable":true,"href":"https:\/\/noticiasdeangostura.com.ar\/index.php?rest_route=\/wp\/v2\/users\/1"}],"replies":[{"embeddable":true,"href":"https:\/\/noticiasdeangostura.com.ar\/index.php?rest_route=%2Fwp%2Fv2%2Fcomments&post=14850"}],"version-history":[{"count":0,"href":"https:\/\/noticiasdeangostura.com.ar\/index.php?rest_route=\/wp\/v2\/posts\/14850\/revisions"}],"wp:featuredmedia":[{"embeddable":true,"href":"https:\/\/noticiasdeangostura.com.ar\/index.php?rest_route=\/wp\/v2\/media\/14851"}],"wp:attachment":[{"href":"https:\/\/noticiasdeangostura.com.ar\/index.php?rest_route=%2Fwp%2Fv2%2Fmedia&parent=14850"}],"wp:term":[{"taxonomy":"category","embeddable":true,"href":"https:\/\/noticiasdeangostura.com.ar\/index.php?rest_route=%2Fwp%2Fv2%2Fcategories&post=14850"},{"taxonomy":"post_tag","embeddable":true,"href":"https:\/\/noticiasdeangostura.com.ar\/index.php?rest_route=%2Fwp%2Fv2%2Ftags&post=14850"}],"curies":[{"name":"wp","href":"https:\/\/api.w.org\/{rel}","templated":true}]}}