{"id":14852,"date":"2026-04-28T12:03:48","date_gmt":"2026-04-28T15:03:48","guid":{"rendered":"https:\/\/noticiasdeangostura.com.ar\/?p=14852"},"modified":"2026-04-28T12:03:48","modified_gmt":"2026-04-28T15:03:48","slug":"gladys-la-bomba-tucumana-fue-presentada-como-nueva-jugadora-de-gran-hermano-2026-neuquen-al-instante","status":"publish","type":"post","link":"https:\/\/noticiasdeangostura.com.ar\/?p=14852","title":{"rendered":"Gladys \u201cla bomba tucumana\u201d fue presentada como nueva jugadora de Gran Hermano 2026 | Neuqu\u00e9n Al Instante"},"content":{"rendered":"<p> <br \/>\n<br \/><\/p>\n<p>                        martes 28 de abril de 2026  <\/p>\n<p>            Gladys \u201cLa Bomba Tucumana\u201d\u00a0se volvi\u00f3 furor este lunes por algo ajeno a la m\u00fasica y es porque la cantante se convirti\u00f3 en la nueva participante de\u00a0Gran Hermano Generaci\u00f3n Dorada.La cantante ingres\u00f3 en lugar de Jessica La Maciel, quien decidi\u00f3 abandonar el reality m\u00e1s famoso del pa\u00eds por problemas personales.Previo a su ingreso a la casa, la artista exclam\u00f3:\u00a0\u00abMucha gente todav\u00eda no me conoce a m\u00ed como persona. Me gusta la casa, limpiar, cocinar y todav\u00eda tengo sue\u00f1os\u00bb, durante su video de presentaci\u00f3n.De esta manera, dej\u00f3 en claro que no integrar\u00e1 Gran Hermano solamente como una reconocida cantante, sino que\u00a0tiene la intensi\u00f3n de participar activamente del d\u00eda a d\u00eda junto al resto de los participantes.Asimismo, \u201cla bomba tucumana\u201d no pas\u00f3 desapercibida mientras se aproximaba a saludar a los dem\u00e1s integrantes, ya que lo hizo cantando \u201cVivir as\u00ed es morir de amor\u201d, el hit de Camilo Sesto, cargando una bandeja de empanadas tucumanas para compartir con sus compa\u00f1eros y con una valija amarilla, en homenaje su \u00e9xito\u00a0\u00abLa pollera amarilla\u00bb.<\/p>\n","protected":false},"excerpt":{"rendered":"<p>martes 28 de abril de 2026 Gladys \u201cLa Bomba Tucumana\u201d\u00a0se volvi\u00f3 furor este lunes por algo ajeno a la m\u00fasica y es porque la cantante se convirti\u00f3 en la nueva participante de\u00a0Gran Hermano Generaci\u00f3n Dorada.La cantante ingres\u00f3 en lugar de Jessica La Maciel, quien decidi\u00f3 abandonar el reality m\u00e1s famoso del pa\u00eds por problemas personales.Previo [&hellip;]<\/p>\n","protected":false},"author":1,"featured_media":14853,"comment_status":"","ping_status":"","sticky":false,"template":"","format":"standard","meta":{"_monsterinsights_skip_tracking":false,"_monsterinsights_sitenote_active":false,"_monsterinsights_sitenote_note":"","_monsterinsights_sitenote_category":0,"footnotes":"","jetpack_publicize_message":"","jetpack_publicize_feature_enabled":true,"jetpack_social_post_already_shared":true,"jetpack_social_options":{"image_generator_settings":{"template":"highway","default_image_id":0,"font":"","enabled":false},"version":2}},"categories":[9],"tags":[],"class_list":["post-14852","post","type-post","status-publish","format-standard","has-post-thumbnail","hentry","category-espectaculos-y-moda"],"aioseo_notices":[],"jetpack_publicize_connections":[],"amp_enabled":true,"_links":{"self":[{"href":"https:\/\/noticiasdeangostura.com.ar\/index.php?rest_route=\/wp\/v2\/posts\/14852","targetHints":{"allow":["GET"]}}],"collection":[{"href":"https:\/\/noticiasdeangostura.com.ar\/index.php?rest_route=\/wp\/v2\/posts"}],"about":[{"href":"https:\/\/noticiasdeangostura.com.ar\/index.php?rest_route=\/wp\/v2\/types\/post"}],"author":[{"embeddable":true,"href":"https:\/\/noticiasdeangostura.com.ar\/index.php?rest_route=\/wp\/v2\/users\/1"}],"replies":[{"embeddable":true,"href":"https:\/\/noticiasdeangostura.com.ar\/index.php?rest_route=%2Fwp%2Fv2%2Fcomments&post=14852"}],"version-history":[{"count":0,"href":"https:\/\/noticiasdeangostura.com.ar\/index.php?rest_route=\/wp\/v2\/posts\/14852\/revisions"}],"wp:featuredmedia":[{"embeddable":true,"href":"https:\/\/noticiasdeangostura.com.ar\/index.php?rest_route=\/wp\/v2\/media\/14853"}],"wp:attachment":[{"href":"https:\/\/noticiasdeangostura.com.ar\/index.php?rest_route=%2Fwp%2Fv2%2Fmedia&parent=14852"}],"wp:term":[{"taxonomy":"category","embeddable":true,"href":"https:\/\/noticiasdeangostura.com.ar\/index.php?rest_route=%2Fwp%2Fv2%2Fcategories&post=14852"},{"taxonomy":"post_tag","embeddable":true,"href":"https:\/\/noticiasdeangostura.com.ar\/index.php?rest_route=%2Fwp%2Fv2%2Ftags&post=14852"}],"curies":[{"name":"wp","href":"https:\/\/api.w.org\/{rel}","templated":true}]}}