{"id":14859,"date":"2026-04-28T13:58:02","date_gmt":"2026-04-28T16:58:02","guid":{"rendered":"https:\/\/noticiasdeangostura.com.ar\/?p=14859"},"modified":"2026-04-28T13:58:02","modified_gmt":"2026-04-28T16:58:02","slug":"formularon-cargos-al-intendente-de-plottier-luis-bertolini-y-a-otros-tres-imputados","status":"publish","type":"post","link":"https:\/\/noticiasdeangostura.com.ar\/?p=14859","title":{"rendered":"Formularon cargos al intendente de Plottier Luis Bertolini y a otros tres imputados"},"content":{"rendered":"<p> <br \/>\n<\/p>\n<p>La Justicia imput\u00f3 al jefe comunal por negociaciones incompatibles con la administraci\u00f3n p\u00fablica. Le dictaron prisi\u00f3n domiciliaria por seis meses, adem\u00e1s de inhibici\u00f3n de bienes y otras medidas para todos los acusados.<\/p>\n<div>\n<p>La fiscal\u00eda formul\u00f3 cargos este martes contra el intendente de Plottier, Luis Bertolini, y otros tres imputados en una causa por presuntas negociaciones incompatibles con la administraci\u00f3n p\u00fablica.<\/p>\n<p>El tribunal adem\u00e1s rechaz\u00f3 el pedido de la defensa para apartar al fiscal jefe Pablo Vignaroli y tambi\u00e9n desestim\u00f3 la nulidad de los allanamientos realizados en la investigaci\u00f3n.<\/p>\n<p>De acuerdo a lo resuelto durante la audiencia, Bertolini deber\u00e1 cumplir prisi\u00f3n domiciliaria por seis meses. La misma medida fue acompa\u00f1ada por la prohibici\u00f3n de acercamiento al municipio y a los testigos en el caso de la subsecretaria de Hacienda, Gladys Ram\u00edrez, quien reside en Cipolletti.<\/p>\n<p class=\"noEditable noticia-relacionada\" data-id=\"332499\"><ampiframe src=\"https:\/\/www.noticiasnqn.com.ar\/api\/noticias\/332499\/relacionadas?amp=1\" layout=\"fixed-height\" sandbox=\"allow-top-navigation allow-top-navigation-by-user-activation allow-scripts \" height=\"100px\"> <b placeholder=\"\">Lee tambi\u00e9n: En caso que le formulen cargos a Bertolini \u00bfque indica la Carta Org\u00e1nica?<\/b> <\/ampiframe><\/p>\n<p>Asimismo, el tribunal dispuso para los cuatro imputados la inhibici\u00f3n de bienes por el plazo de seis meses, mientras avanza la investigaci\u00f3n.<\/p>\n<p>El delito atribuido es el de negociaciones incompatibles con la funci\u00f3n p\u00fablica, que prev\u00e9 penas de entre uno y seis a\u00f1os de prisi\u00f3n, adem\u00e1s de la inhabilitaci\u00f3n perpetua para ejercer cargos p\u00fablicos.<\/p>\n<p>Adem\u00e1s del jefe comunal, la causa alcanz\u00f3 a la subsecretaria de Hacienda municipal, Gladys Ram\u00edrez, y al titular de una empresa privada vinculada a la investigaci\u00f3n. La fiscal\u00eda tambi\u00e9n incluy\u00f3 a un cuarto imputado dentro del expediente.<\/p>\n<p>La investigaci\u00f3n fue impulsada por la fiscal Roc\u00edo Rivero, de la fiscal\u00eda de Delitos Econ\u00f3micos, bajo la supervisi\u00f3n del fiscal jefe Pablo Vignaroli.<\/p>\n<p>El caso se inici\u00f3 en enero de 2026 a partir de una denuncia presentada ante el Ministerio P\u00fablico Fiscal.<\/p>\n<p>Durante la audiencia, el Ministerio P\u00fablico formaliz\u00f3 la acusaci\u00f3n y expuso los hechos que se investigan, dando inicio al plazo de investigaci\u00f3n penal preparatoria, per\u00edodo en el que se reunir\u00e1n pruebas y se definir\u00e1n las pr\u00f3ximas medidas del proceso.<\/p>\n<blockquote class=\"twitter-tweet\" data-media-max-width=\"560\">\n<p lang=\"es\">Formularon cargos al intendente de Plottier Luis Bertolini y a otros tres imputados<a href=\"https:\/\/t.co\/pKc4VBIYCs\">https:\/\/t.co\/pKc4VBIYCs<\/a> <a href=\"https:\/\/t.co\/Zs9ULIvuQ3\">pic.twitter.com\/Zs9ULIvuQ3<\/a><\/p>\n<p>\u2014 NoticiasNQN.com.ar (@nqn_noticias) <a href=\"https:\/\/twitter.com\/nqn_noticias\/status\/2049166453442580548?ref_src=twsrc%5Etfw\">April 28, 2026<\/a><\/p><\/blockquote>\n<p><\/p>\n<\/p><\/div>\n<p><script async src=\"https:\/\/platform.twitter.com\/widgets.js\" charset=\"utf-8\"><\/script><\/p>\n","protected":false},"excerpt":{"rendered":"<p>La Justicia imput\u00f3 al jefe comunal por negociaciones incompatibles con la administraci\u00f3n p\u00fablica. Le dictaron prisi\u00f3n domiciliaria por seis meses, adem\u00e1s de inhibici\u00f3n de bienes y otras medidas para todos los acusados. La fiscal\u00eda formul\u00f3 cargos este martes contra el intendente de Plottier, Luis Bertolini, y otros tres imputados en una causa por presuntas negociaciones [&hellip;]<\/p>\n","protected":false},"author":1,"featured_media":14860,"comment_status":"","ping_status":"","sticky":false,"template":"","format":"standard","meta":{"_monsterinsights_skip_tracking":false,"_monsterinsights_sitenote_active":false,"_monsterinsights_sitenote_note":"","_monsterinsights_sitenote_category":0,"footnotes":"","jetpack_publicize_message":"","jetpack_publicize_feature_enabled":true,"jetpack_social_post_already_shared":true,"jetpack_social_options":{"image_generator_settings":{"template":"highway","default_image_id":0,"font":"","enabled":false},"version":2}},"categories":[1],"tags":[],"class_list":["post-14859","post","type-post","status-publish","format-standard","has-post-thumbnail","hentry","category-ultimas-noticias"],"aioseo_notices":[],"jetpack_publicize_connections":[],"amp_enabled":true,"_links":{"self":[{"href":"https:\/\/noticiasdeangostura.com.ar\/index.php?rest_route=\/wp\/v2\/posts\/14859","targetHints":{"allow":["GET"]}}],"collection":[{"href":"https:\/\/noticiasdeangostura.com.ar\/index.php?rest_route=\/wp\/v2\/posts"}],"about":[{"href":"https:\/\/noticiasdeangostura.com.ar\/index.php?rest_route=\/wp\/v2\/types\/post"}],"author":[{"embeddable":true,"href":"https:\/\/noticiasdeangostura.com.ar\/index.php?rest_route=\/wp\/v2\/users\/1"}],"replies":[{"embeddable":true,"href":"https:\/\/noticiasdeangostura.com.ar\/index.php?rest_route=%2Fwp%2Fv2%2Fcomments&post=14859"}],"version-history":[{"count":0,"href":"https:\/\/noticiasdeangostura.com.ar\/index.php?rest_route=\/wp\/v2\/posts\/14859\/revisions"}],"wp:featuredmedia":[{"embeddable":true,"href":"https:\/\/noticiasdeangostura.com.ar\/index.php?rest_route=\/wp\/v2\/media\/14860"}],"wp:attachment":[{"href":"https:\/\/noticiasdeangostura.com.ar\/index.php?rest_route=%2Fwp%2Fv2%2Fmedia&parent=14859"}],"wp:term":[{"taxonomy":"category","embeddable":true,"href":"https:\/\/noticiasdeangostura.com.ar\/index.php?rest_route=%2Fwp%2Fv2%2Fcategories&post=14859"},{"taxonomy":"post_tag","embeddable":true,"href":"https:\/\/noticiasdeangostura.com.ar\/index.php?rest_route=%2Fwp%2Fv2%2Ftags&post=14859"}],"curies":[{"name":"wp","href":"https:\/\/api.w.org\/{rel}","templated":true}]}}